{"id":8530,"date":"2022-04-28T11:56:20","date_gmt":"2022-04-28T15:56:20","guid":{"rendered":"https:\/\/endvaw.local\/?p=8530"},"modified":"2026-03-12T10:26:03","modified_gmt":"2026-03-12T14:26:03","slug":"loi-de-keira","status":"publish","type":"post","link":"https:\/\/endvaw.ca\/fr\/loi-de-keira\/","title":{"rendered":"L\u2019importance de la loi de Keira"},"content":{"rendered":"<p style=\"text-align: center;\"><strong><em>\u00ab<\/em><\/strong><em>Elle s\u2019exprimait bien, \u00e9tait brillante et avait un esprit scientifique. Quand elle entendait parler de l\u2019injustice dans le monde, elle \u00e9tait furieuse et voulait faire quelque chose pour aider.\u00bb<\/em><\/p>\n<p style=\"text-align: center;\">&#8211; Jennifer Kagan-Viater, \u00e0 propos de Keira Kagan<\/p>\n<p>En f\u00e9vrier 2020, un mois avant le d\u00e9clenchement d\u2019une pand\u00e9mie qui allait secouer le monde, une petite fille nomm\u00e9e <a href=\"https:\/\/toronto.citynews.ca\/2022\/02\/09\/keira-kagan-death-prevented-milton\/\" rel=\"noopener\">Keira Kagan a \u00e9t\u00e9 retrouv\u00e9e morte<\/a> au pied d\u2019une falaise \u00e0 Rattlesnake Point en Ontario. Le corps de son p\u00e8re, Robin Brown, a \u00e9t\u00e9 d\u00e9couvert \u00e0 ses c\u00f4t\u00e9s dans ce qui a \u00e9t\u00e9 d\u00e9termin\u00e9 comme \u00e9tant un meurtre-suicide.<\/p>\n<p><a href=\"https:\/\/endvaw.ca\/wp-content\/uploads\/2022\/04\/Keira_NL_FR-1-300x169.jpg\"><img loading=\"lazy\" decoding=\"async\" class=\"alignright wp-image-8532 size-medium\" src=\"https:\/\/endvaw.ca\/wp-content\/uploads\/2022\/04\/Keira_NL_FR-300x169.jpg\" alt=\"\" width=\"300\" height=\"169\" srcset=\"https:\/\/endvaw.ca\/wp-content\/uploads\/2022\/04\/Keira_NL_FR-300x169.jpg 300w, https:\/\/endvaw.ca\/wp-content\/uploads\/2022\/04\/Keira_NL_FR-1024x576.jpg 1024w, https:\/\/endvaw.ca\/wp-content\/uploads\/2022\/04\/Keira_NL_FR-768x432.jpg 768w, https:\/\/endvaw.ca\/wp-content\/uploads\/2022\/04\/Keira_NL_FR-1536x864.jpg 1536w, https:\/\/endvaw.ca\/wp-content\/uploads\/2022\/04\/Keira_NL_FR-2048x1152.jpg 2048w\" sizes=\"auto, (max-width: 300px) 100vw, 300px\" \/><\/a>Jennifer Kagan-Viater, la m\u00e8re de Keira, d\u00e9crit la petite Keira de 4\u00a0ans comme, <a href=\"https:\/\/forlittlekeira.com\/our-story\" rel=\"noopener\">\u00abbienveillante, innocente et enjou\u00e9e [et] une vieille \u00e2me, avec une compr\u00e9hension bien au-del\u00e0 de son \u00e2ge\u00bb<\/a>. Elle pense \u00e9galement que la mort de Keira aurait pu \u00eatre \u00e9vit\u00e9e.<\/p>\n<p>Avant le meurtre de Keira, Mme\u00a0Kagan-Viater avait men\u00e9 une longue bataille pour la garde des enfants avec son ancien mari, M.\u00a0Brown, qui avait des ant\u00e9c\u00e9dents de violence conjugale et de contr\u00f4le coercitif \u00e0 son \u00e9gard. Pourtant, malgr\u00e9 ce fait alarmant et les nombreuses tentatives de Mme\u00a0Kagan-Viater pour convaincre la Cour d\u2019examiner les ant\u00e9c\u00e9dents violents de Brown comme pertinents pour le divorce, Brown s\u2019est finalement vu accorder un acc\u00e8s g\u00e9n\u00e9reux \u00e0 Keira, sans qu\u2019il soit tenu compte de la violence.<\/p>\n<p>Les craintes de Mme\u00a0Kagan-Viater n\u2019\u00e9taient pas infond\u00e9es. Dans un <a href=\"https:\/\/www.justice.gc.ca\/fra\/pr-rp\/jp-cj\/vf-fv\/freevf-rfcsfv\/p1.html\" rel=\"noopener\">rapport sur la violence familiale dans le contexte de la s\u00e9paration et du divorce publi\u00e9 par le gouvernement du Canada<\/a>, la recherche a mis en \u00e9vidence un chevauchement direct entre la violence conjugale et la maltraitance des enfants. Le rapport r\u00e9v\u00e8le notamment que les enfants sont les plus expos\u00e9s \u00e0 l\u2019escalade de la violence familiale pendant et apr\u00e8s la s\u00e9paration et le divorce des parents. En d\u2019autres termes, les demandes de Mme\u00a0Kagan-Viater <em>auraient d\u00fb<\/em> \u00eatre prises en consid\u00e9ration pour d\u00e9terminer le niveau d\u2019acc\u00e8s de Brown \u00e0 Keira. Pourtant, comme nous le savons, elles ne l\u2019ont pas \u00e9t\u00e9.<\/p>\n<p>Le cas de Keira est r\u00e9v\u00e9lateur d\u2019un probl\u00e8me syst\u00e9mique plus large dans le syst\u00e8me judiciaire canadien: les juges ne sont pas suffisamment form\u00e9s \u00e0 la violence conjugale et au contr\u00f4le coercitif, et bon nombre consid\u00e8rent qu\u2019un partenaire violent peut tout de m\u00eame \u00eatre un parent ad\u00e9quat. Alors que la violence familiale est enfin reconnue au niveau f\u00e9d\u00e9ral comme pertinente dans le contexte des d\u00e9cisions judiciaires relatives \u00e0 la parentalit\u00e9, gr\u00e2ce aux mesures de <a href=\"https:\/\/www.canlii.org\/fr\/ca\/legis\/lois\/lrc-1985-c-3-2e-suppl\/186299\/lrc-1985-c-3-2e-suppl.html\" rel=\"noopener\">la <em>Loi sur le divorce<\/em> modifi\u00e9e<\/a> entr\u00e9e en vigueur au mois de mars 2021, la compr\u00e9hension fondamentale de ces concepts par les juges <a href=\"https:\/\/ablawg.ca\/2021\/12\/20\/judging-family-violence-recommendations-for-judicial-practices-and-guidelines-in-family-violence-cases\/\" rel=\"noopener\">n\u2019est toujours pas une exigence<\/a>.<\/p>\n<p>Sans ces connaissances, les juges peuvent ne pas identifier les comportements dangereux dans les cas de violence conjugale et de contr\u00f4le coercitif. Le droit de visite peut ainsi \u00eatre accord\u00e9 \u00e0 un parent dangereux qui cherche \u00e0 nuire \u00e0 l\u2019autre en se vengeant, par l\u2019interm\u00e9diaire de ses enfants, comme ce fut le cas pour Mme\u00a0Kagan-Viater et sa fille, Keira.<\/p>\n<p>Avec un syst\u00e8me judiciaire caract\u00e9ris\u00e9 par des insuffisances aussi flagrantes, il est logique que la solution commence par l\u00e0.<\/p>\n<p>Mme\u00a0Kagan-Viater a dirig\u00e9 le plaidoyer en faveur <a href=\"https:\/\/www.parl.ca\/legisinfo\/fr\/projet-de-loi\/44-1\/c-233\" rel=\"noopener\">du projet de loi d\u2019initiative parlementaire\u00a0C-233 de la d\u00e9put\u00e9e Anju Dhillon<\/a>, qui rendra obligatoire l\u2019\u00e9ducation sur la violence conjugale et le contr\u00f4le coercitif pour les juges nomm\u00e9s par le gouvernement f\u00e9d\u00e9ral. L\u2019article du projet de loi\u00a0C-233 relatif \u00e0 l\u2019\u00e9ducation des juges est appel\u00e9 la loi de Keira, en l\u2019honneur de Keira. Le projet de loi\u00a0C-233 a termin\u00e9 sa premi\u00e8re lecture le 7\u00a0f\u00e9vrier 2022 et entamera sa premi\u00e8re heure de d\u00e9bat, et donc sa deuxi\u00e8me lecture, le 29\u00a0avril 2022.<\/p>\n<p>\u00c0 l\u2019approche du 29\u00a0avril, H\u00e9bergement femmes Canada concentre ses efforts sur le soutien au projet de loi\u00a0C-233 et \u00e0 la loi de Keira en demandant \u00e0 notre communaut\u00e9 de tout le pays \u2013 et au grand public \u2013 de plaider en sa faveur. Qu\u2019il s\u2019agisse d\u2019<a href=\"http:\/\/3dzuvd41hq3j3wi3by3no962-wpengine.netdna-ssl.com\/wp-content\/uploads\/2022\/04\/MP_Template_FR.pdf%20\" rel=\"noopener\">envoyer un courriel \u00e0 votre d\u00e9put\u00e9\u00b7e<\/a>, de signer la <a href=\"https:\/\/petitions.ourcommons.ca\/en\/Petition\/Details?Petition=e-3956&amp;fbclid=IwAR2u8qS3QUOdrgj9sFPXiqjxyetM09WhvPy34h2SSTeZwrm9Hw-NE25WIPE\" rel=\"noopener\">p\u00e9tition parlementaire<\/a>, ou de participer \u00e0 notre <a href=\"http:\/\/3dzuvd41hq3j3wi3by3no962-wpengine.netdna-ssl.com\/wp-content\/uploads\/2022\/04\/Twitter_Template_FR-3.pdf\" rel=\"noopener\">Temp\u00eate Twitter<\/a> le 29\u00a0avril, nous vous demandons de faire pression en faveur de cette importante l\u00e9gislation.<\/p>\n<p>Non seulement la loi de Keira prot\u00e9gera les victimes de violence et les enfants, mais elle mettra \u00e9galement en lumi\u00e8re la violence faite aux femmes en tant que crise de sant\u00e9 publique au Canada. Cela permettra de sauver des vies.<\/p>\n<p>Pour en savoir plus sur l\u2019histoire de Keira Kagan et la loi de Keira, consultez <a href=\"https:\/\/forlittlekeira.com\/\" rel=\"noopener\">www.forlittekeira.com<\/a>. Pour en savoir plus sur l\u2019initiative de la loi de Keira d\u2019HFC, consultez <a href=\"https:\/\/endvaw.ca\/fr\/loi-de-keira\/\">notre page web<\/a> ou contactez Jed \u00e0 <a href=\"mailto:jnabwangu@endvaw.ca\">jnabwangu@endvaw.ca<\/a>.<\/p>\n","protected":false},"excerpt":{"rendered":"<p>\u00abElle s\u2019exprimait bien, \u00e9tait brillante et avait un esprit scientifique. Quand elle entendait parler de l\u2019injustice dans le monde, elle \u00e9tait furieuse et voulait faire quelque chose pour aider.\u00bb &#8211; Jennifer Kagan-Viater, \u00e0 propos de Keira Kagan En f\u00e9vrier 2020, un mois avant le d\u00e9clenchement d\u2019une pand\u00e9mie qui allait secouer le monde, une petite fille [&hellip;]<\/p>\n","protected":false},"author":1,"featured_media":8537,"comment_status":"open","ping_status":"open","sticky":false,"template":"","format":"standard","meta":{"site-sidebar-layout":"default","site-content-layout":"","ast-site-content-layout":"default","site-content-style":"default","site-sidebar-style":"default","ast-global-header-display":"","ast-banner-title-visibility":"","ast-main-header-display":"","ast-hfb-above-header-display":"","ast-hfb-below-header-display":"","ast-hfb-mobile-header-display":"","site-post-title":"","ast-breadcrumbs-content":"","ast-featured-img":"","footer-sml-layout":"","ast-disable-related-posts":"","theme-transparent-header-meta":"default","adv-header-id-meta":"","stick-header-meta":"default","header-above-stick-meta":"","header-main-stick-meta":"","header-below-stick-meta":"","astra-migrate-meta-layouts":"set","ast-page-background-enabled":"default","ast-page-background-meta":{"desktop":{"background-color":"","background-image":"","background-repeat":"repeat","background-position":"center center","background-size":"auto","background-attachment":"scroll","background-type":"","background-media":"","overlay-type":"","overlay-color":"","overlay-opacity":"","overlay-gradient":""},"tablet":{"background-color":"","background-image":"","background-repeat":"repeat","background-position":"center center","background-size":"auto","background-attachment":"scroll","background-type":"","background-media":"","overlay-type":"","overlay-color":"","overlay-opacity":"","overlay-gradient":""},"mobile":{"background-color":"","background-image":"","background-repeat":"repeat","background-position":"center center","background-size":"auto","background-attachment":"scroll","background-type":"","background-media":"","overlay-type":"","overlay-color":"","overlay-opacity":"","overlay-gradient":""}},"ast-content-background-meta":{"desktop":{"background-color":"var(--ast-global-color-5)","background-image":"","background-repeat":"repeat","background-position":"center center","background-size":"auto","background-attachment":"scroll","background-type":"","background-media":"","overlay-type":"","overlay-color":"","overlay-opacity":"","overlay-gradient":""},"tablet":{"background-color":"var(--ast-global-color-5)","background-image":"","background-repeat":"repeat","background-position":"center center","background-size":"auto","background-attachment":"scroll","background-type":"","background-media":"","overlay-type":"","overlay-color":"","overlay-opacity":"","overlay-gradient":""},"mobile":{"background-color":"var(--ast-global-color-5)","background-image":"","background-repeat":"repeat","background-position":"center center","background-size":"auto","background-attachment":"scroll","background-type":"","background-media":"","overlay-type":"","overlay-color":"","overlay-opacity":"","overlay-gradient":""}},"footnotes":"","_links_to":"","_links_to_target":""},"categories":[16,15],"tags":[],"class_list":["post-8530","post","type-post","status-publish","format-standard","has-post-thumbnail","hentry","category-blog-fr","category-uncategorized-fr"],"meta_box":[],"_links":{"self":[{"href":"https:\/\/endvaw.ca\/fr\/wp-json\/wp\/v2\/posts\/8530","targetHints":{"allow":["GET"]}}],"collection":[{"href":"https:\/\/endvaw.ca\/fr\/wp-json\/wp\/v2\/posts"}],"about":[{"href":"https:\/\/endvaw.ca\/fr\/wp-json\/wp\/v2\/types\/post"}],"author":[{"embeddable":true,"href":"https:\/\/endvaw.ca\/fr\/wp-json\/wp\/v2\/users\/1"}],"replies":[{"embeddable":true,"href":"https:\/\/endvaw.ca\/fr\/wp-json\/wp\/v2\/comments?post=8530"}],"version-history":[{"count":2,"href":"https:\/\/endvaw.ca\/fr\/wp-json\/wp\/v2\/posts\/8530\/revisions"}],"predecessor-version":[{"id":21792,"href":"https:\/\/endvaw.ca\/fr\/wp-json\/wp\/v2\/posts\/8530\/revisions\/21792"}],"wp:featuredmedia":[{"embeddable":true,"href":"https:\/\/endvaw.ca\/fr\/wp-json\/wp\/v2\/media\/8537"}],"wp:attachment":[{"href":"https:\/\/endvaw.ca\/fr\/wp-json\/wp\/v2\/media?parent=8530"}],"wp:term":[{"taxonomy":"category","embeddable":true,"href":"https:\/\/endvaw.ca\/fr\/wp-json\/wp\/v2\/categories?post=8530"},{"taxonomy":"post_tag","embeddable":true,"href":"https:\/\/endvaw.ca\/fr\/wp-json\/wp\/v2\/tags?post=8530"}],"curies":[{"name":"wp","href":"https:\/\/api.w.org\/{rel}","templated":true}]}}