{"id":5285,"date":"2019-06-28T08:54:54","date_gmt":"2019-06-28T13:54:54","guid":{"rendered":"http:\/\/endvaw.local\/fr\/?p=5285"},"modified":"2026-03-16T12:54:37","modified_gmt":"2026-03-16T16:54:37","slug":"lonu-accroit-la-pression-sur-le-canada-en-faveur-dun-plan-daction-national-sur-la-violence-faite-aux-femmes","status":"publish","type":"post","link":"https:\/\/endvaw.ca\/fr\/lonu-accroit-la-pression-sur-le-canada-en-faveur-dun-plan-daction-national-sur-la-violence-faite-aux-femmes\/","title":{"rendered":"L\u2019ONU accroit la pression sur le Canada en faveur d\u2019un Plan d\u2019action national sur la violence faite aux femmes"},"content":{"rendered":"\n\n\t<figure id=\"attachment_20144\" aria-describedby=\"caption-attachment-20144\" style=\"width: 300px\" class=\"wp-caption alignright\"><img loading=\"lazy\" decoding=\"async\" src=\"https:\/\/endvaw.ca\/wp-content\/uploads\/2019\/06\/Capture-1-1-300x186.jpg\" alt=\"\" width=\"300\" height=\"186\" \/><figcaption id=\"caption-attachment-20144\" class=\"wp-caption-text\">Personnel d&#8217;HFC et de maisons d&#8217;h\u00e9bergement avec Dubravka \u0160imonovic pendant sa visite<\/figcaption><\/figure>\n<p>Hier, \u00e0 Gen\u00e8ve, Dubravka \u0160imonovic, rapporteuse sp\u00e9ciale de l&#8217;ONU sur la violence faite aux femmes (VFF), a pr\u00e9sent\u00e9 <a href=\"https:\/\/www.ohchr.org\/EN\/Issues\/Women\/SRWomen\/Pages\/CountryVisits.aspx\" target=\"_blank\" rel=\"noopener\">le rapport cons\u00e9cutif \u00e0 sa visite officielle au Canada<\/a> au Conseil des droits de l&#8217;homme des Nations Unies.<\/p>\n<p>\u00c0 Ottawa, la directrice g\u00e9n\u00e9rale d&#8217;HFC Lise Martin et des repr\u00e9sentantes d&#8217;autres groupes canadiens des droits des femmes ont tenu une <a href=\"http:\/\/fafia-afai.org\/en\/press-release-canadian-womens-rights-groups-welcome-the-report-made-by-ms-dubravka-simonovic\/\" target=\"_blank\" rel=\"noopener\">conf\u00e9rence de presse sur la Colline du Parlement<\/a> pour accueillir les recommandations du rapport concernant l&#8217;am\u00e9lioration du dossier du Canada quant \u00e0 la pr\u00e9vention et la r\u00e9ponse \u00e0 la violence faite aux femmes. HFC se r\u00e9jouit surtout de la recommandation faite au Canada d&#8217;adopter un Plan d&#8217;action national (PAN) sur la violence faite aux femmes, une mesure\u00a0 <a href=\"https:\/\/endvaw.ca\/fr\/publications-sur-la-recherche-et-les-politiques\/a-blueprint-for-canadas-national-action-plan-nap-on-violence-against-women-and-girls\/\" target=\"_blank\" rel=\"noopener\">en faveur de laquelle nous plaidons depuis 2015<\/a>.<\/p>\n<p>Dubravka \u0160imonovic a visit\u00e9 le Canada du 13 au 23 avril 2018. Pendant cette visite, H\u00e9bergement femmes Canada (HFC) a servi de lien avec les maisons d&#8217;h\u00e9bergement pour la rapporteuse sp\u00e9ciale qui a visit\u00e9 des \u00e9tablissements \u00e0 Winnipeg, Ottawa, Toronto, Montr\u00e9al et Iqaluit. <a href=\"https:\/\/fr.wikipedia.org\/wiki\/Rapporteur_sp%C3%A9cial_des_Nations_unies\" target=\"_blank\" rel=\"noopener\">Les rapporteuses et rapporteurs sp\u00e9ciaux<\/a> sont des personnes mandat\u00e9es par l&#8217;ONU pour \u00abexaminer, surveiller et rendre publique\u00bb la situation des droits humains autour du monde. Dans le cas de mandats th\u00e9matiques, ces personnes s&#8217;acquittent de missions de collecte des faits dans des pays particuliers, comme celle d&#8217;avril dernier au Canada.<\/p>\n<p>Lorsque nous avons rencontr\u00e9 Madame \u0160imonovic, nous avons insist\u00e9 sur l&#8217;importance d&#8217;un PAN sur la VFF, et soulign\u00e9 les diff\u00e9rences entre un tel plan et la strat\u00e9gie f\u00e9d\u00e9rale annonc\u00e9e sur la violence fond\u00e9e sur le sexe. Comme l&#8217;a expliqu\u00e9 Lise Martin pendant la conf\u00e9rence de presse, \u00abf\u00e9d\u00e9ral nest pas synonyme de national\u00bb.<\/p>\n<p>Elle a ajout\u00e9: \u00abIl y a eu des engagements envers les maisons d&#8217;h\u00e9bergement et envers des plans d&#8217;investissement f\u00e9d\u00e9raux dans le secteur des services contre la VFF. Mais la rapporteuse sp\u00e9ciale pr\u00e9cise que f\u00e9d\u00e9ral n&#8217;\u00e9quivaut pas \u00e0 national, et que si le Canada veut faire des progr\u00e8s significatifs en mati\u00e8re de pr\u00e9vention et de rem\u00e8des contre la violence faite aux femmes et la violence fond\u00e9e sur le sexe, il doit mettre en place un plan d&#8217;action national dot\u00e9 de v\u00e9ritables objectifs et m\u00e9canismes de reddition de compte. Madame \u0160imonovic a explicitement affirm\u00e9 que &#8216;le f\u00e9d\u00e9ralisme ne devrait pas constituer un obstacle \u00e0 la mise en \u0153uvre des droits de la personne&#8217;, et conclu au &#8216;besoin d&#8217;un Plan d&#8217;action national plus exhaustif et holistique sur la violence faite aux femmes&#8217;\u00bb.<\/p>\n<p>\u00c0 l&#8217;aube d&#8217;un nouveau cycle \u00e9lectoral f\u00e9d\u00e9ral, il importe que tous les partis politiques reconnaissent que la violence faite aux femmes n&#8217;est pas un enjeu partisan. En effet, il y va de l&#8217;int\u00e9r\u00eat de toute la population qu&#8217;ici au pays, le Canada respecte ses engagements internationaux.<\/p>\n<p>C&#8217;est particuli\u00e8rement vrai en ce qui a trait \u00e0 la violence faite aux femmes, aux filles et aux personnes bispitituelles autochtones. Les conclusions de la rapporteuse sp\u00e9ciale plaident pour un PAN distinct sur la violence faite aux femmes et aux filles autochtones, une mesure qu&#8217;appuient fortement HFC et d&#8217;autres organisations canadiennes des droits des femmes.<\/p>\n<p>Nous attendons la r\u00e9action du Canada, y compris la mise en \u0153uvre des recommandations.<\/p>\n\n","protected":false},"excerpt":{"rendered":"<p>Hier, \u00e0 Gen\u00e8ve, Dubravka \u0160imonovic, rapporteuse sp\u00e9ciale de l&#8217;ONU sur la violence faite aux femmes (VFF), a pr\u00e9sent\u00e9 le rapport cons\u00e9cutif \u00e0 sa visite officielle au Canada au Conseil des droits de l&#8217;homme des Nations Unies. \u00c0 Ottawa, la directrice g\u00e9n\u00e9rale d&#8217;HFC Lise Martin et des repr\u00e9sentantes d&#8217;autres groupes canadiens des droits des femmes ont [&hellip;]<\/p>\n","protected":false},"author":1,"featured_media":8245,"comment_status":"open","ping_status":"open","sticky":false,"template":"","format":"standard","meta":{"site-sidebar-layout":"default","site-content-layout":"","ast-site-content-layout":"default","site-content-style":"default","site-sidebar-style":"default","ast-global-header-display":"","ast-banner-title-visibility":"","ast-main-header-display":"","ast-hfb-above-header-display":"","ast-hfb-below-header-display":"","ast-hfb-mobile-header-display":"","site-post-title":"","ast-breadcrumbs-content":"","ast-featured-img":"","footer-sml-layout":"","ast-disable-related-posts":"","theme-transparent-header-meta":"default","adv-header-id-meta":"","stick-header-meta":"default","header-above-stick-meta":"","header-main-stick-meta":"","header-below-stick-meta":"","astra-migrate-meta-layouts":"set","ast-page-background-enabled":"default","ast-page-background-meta":{"desktop":{"background-color":"","background-image":"","background-repeat":"repeat","background-position":"center center","background-size":"auto","background-attachment":"scroll","background-type":"","background-media":"","overlay-type":"","overlay-color":"","overlay-opacity":"","overlay-gradient":""},"tablet":{"background-color":"","background-image":"","background-repeat":"repeat","background-position":"center center","background-size":"auto","background-attachment":"scroll","background-type":"","background-media":"","overlay-type":"","overlay-color":"","overlay-opacity":"","overlay-gradient":""},"mobile":{"background-color":"","background-image":"","background-repeat":"repeat","background-position":"center center","background-size":"auto","background-attachment":"scroll","background-type":"","background-media":"","overlay-type":"","overlay-color":"","overlay-opacity":"","overlay-gradient":""}},"ast-content-background-meta":{"desktop":{"background-color":"var(--ast-global-color-5)","background-image":"","background-repeat":"repeat","background-position":"center center","background-size":"auto","background-attachment":"scroll","background-type":"","background-media":"","overlay-type":"","overlay-color":"","overlay-opacity":"","overlay-gradient":""},"tablet":{"background-color":"var(--ast-global-color-5)","background-image":"","background-repeat":"repeat","background-position":"center center","background-size":"auto","background-attachment":"scroll","background-type":"","background-media":"","overlay-type":"","overlay-color":"","overlay-opacity":"","overlay-gradient":""},"mobile":{"background-color":"var(--ast-global-color-5)","background-image":"","background-repeat":"repeat","background-position":"center center","background-size":"auto","background-attachment":"scroll","background-type":"","background-media":"","overlay-type":"","overlay-color":"","overlay-opacity":"","overlay-gradient":""}},"footnotes":"","_links_to":"","_links_to_target":""},"categories":[16],"tags":[],"class_list":["post-5285","post","type-post","status-publish","format-standard","has-post-thumbnail","hentry","category-blog-fr"],"meta_box":[],"_links":{"self":[{"href":"https:\/\/endvaw.ca\/fr\/wp-json\/wp\/v2\/posts\/5285","targetHints":{"allow":["GET"]}}],"collection":[{"href":"https:\/\/endvaw.ca\/fr\/wp-json\/wp\/v2\/posts"}],"about":[{"href":"https:\/\/endvaw.ca\/fr\/wp-json\/wp\/v2\/types\/post"}],"author":[{"embeddable":true,"href":"https:\/\/endvaw.ca\/fr\/wp-json\/wp\/v2\/users\/1"}],"replies":[{"embeddable":true,"href":"https:\/\/endvaw.ca\/fr\/wp-json\/wp\/v2\/comments?post=5285"}],"version-history":[{"count":4,"href":"https:\/\/endvaw.ca\/fr\/wp-json\/wp\/v2\/posts\/5285\/revisions"}],"predecessor-version":[{"id":22163,"href":"https:\/\/endvaw.ca\/fr\/wp-json\/wp\/v2\/posts\/5285\/revisions\/22163"}],"wp:featuredmedia":[{"embeddable":true,"href":"https:\/\/endvaw.ca\/fr\/wp-json\/wp\/v2\/media\/8245"}],"wp:attachment":[{"href":"https:\/\/endvaw.ca\/fr\/wp-json\/wp\/v2\/media?parent=5285"}],"wp:term":[{"taxonomy":"category","embeddable":true,"href":"https:\/\/endvaw.ca\/fr\/wp-json\/wp\/v2\/categories?post=5285"},{"taxonomy":"post_tag","embeddable":true,"href":"https:\/\/endvaw.ca\/fr\/wp-json\/wp\/v2\/tags?post=5285"}],"curies":[{"name":"wp","href":"https:\/\/api.w.org\/{rel}","templated":true}]}}