{"id":10083,"date":"2022-10-05T17:22:51","date_gmt":"2022-10-05T21:22:51","guid":{"rendered":"https:\/\/endvaw.ca\/?p=10083"},"modified":"2025-11-27T15:49:33","modified_gmt":"2025-11-27T20:49:33","slug":"comment-hfc-commemore-la-journee-nationale-pour-la-verite-et-la-reconciliation","status":"publish","type":"post","link":"https:\/\/endvaw.ca\/fr\/comment-hfc-commemore-la-journee-nationale-pour-la-verite-et-la-reconciliation\/","title":{"rendered":"Comment HFC comm\u00e9more la Journ\u00e9e nationale pour la v\u00e9rit\u00e9 et la r\u00e9conciliation"},"content":{"rendered":"<p>Aujourd&#8217;hui, 30 septembre, c&#8217;est la deuxi\u00e8me Journ\u00e9e nationale annuelle de la v\u00e9rit\u00e9 et de la r\u00e9conciliation. En tant qu&#8217;organisation colonialiste, le personnel d\u2019HFC a d\u00e9cid\u00e9 de ne pas prendre le jour de cong\u00e9 f\u00e9ri\u00e9, mais plut\u00f4t de passer une bonne partie de la journ\u00e9e \u00e0 s&#8217;int\u00e9resser aux ressources li\u00e9es aux pensionnats et \u00e0 la r\u00e9conciliation.<\/p>\n<p>Comme nous l&#8217;avons fait l&#8217;ann\u00e9e derni\u00e8re, nous allons \u00e9galement:<\/p>\n<ul>\n<li>R\u00e9fl\u00e9chir \u00e0 la mani\u00e8re d\u2019am\u00e9liorer nos alliances avec les communaut\u00e9s autochtones<\/li>\n<li>Renouveler notre engagement \u00e0 contribuer \u00e0 mettre fin \u00e0 la violence permanente contre les femmes, les filles et les personnes 2ELGBTQQIA+ autochtones<\/li>\n<li>Continuer \u00e0 attirer l&#8217;attention sur la trag\u00e9die actuelle des femmes et des filles autochtones disparues et assassin\u00e9es<\/li>\n<\/ul>\n<p>Nous encourageons notre communaut\u00e9 de maisons d\u2019h\u00e9bergement et de supporters \u00e0 faire de m\u00eame. Consultez nos m\u00e9dias sociaux (@endvawnetwork) tout au long de la journ\u00e9e, car nous partageons des messages d&#8217;organisations et d\u2019activistes autochtones.<\/p>\n<p>Vous voulez soutenir directement le travail des organisations autochtones qui s&#8217;efforcent de mettre fin \u00e0 la violence fond\u00e9e sur le genre aujourd&#8217;hui? D\u00e9couvrez notre organisation s\u0153ur, le <a href=\"https:\/\/www.nacafv.ca\/\" rel=\"noopener\">Cercle national autochtone contre la violence familiale (NACAFV)<\/a>. Vous pouvez <a href=\"https:\/\/www.nacafv.ca\/en\/donations\" rel=\"noopener\">faire un don en ligne<\/a>.<\/p>\n<p>Vous recherchez des ressources ? Vous trouverez ci-dessous quelques exemples de sujets sur lesquels le personnel d\u2019HFC s&#8217;engagera aujourd&#8217;hui. Vous trouverez des ressources suppl\u00e9mentaires sur le site de la <a href=\"https:\/\/canadianwomen.org\/blog\/september-30\/\" rel=\"noopener\">Fondation canadienne des femmes<\/a>:<\/p>\n<p><strong><em>Rassemblement en personne \u00e0 Ottawa<\/em><\/strong><\/p>\n<p>En partenariat avec le Centre national pour la v\u00e9rit\u00e9 et la r\u00e9conciliation, APTN organisera un <a href=\"https:\/\/www.aptn.ca\/fr\/se-souvenir-des-enfants-aptn-et-le-cnvr-organisent-un-evenement-national-en-direct-dottawa\/\" rel=\"noopener\">rassemblement comm\u00e9moratif d&#8217;une heure<\/a> au parc des plaines LeBreton \u00e0 Ottawa, qui sera diffus\u00e9 simultan\u00e9ment sur toutes les cha\u00eenes d&#8217;APTN, \u00e0 13h HNE.<\/p>\n<p><strong><em>\u00c9couter<\/em><\/strong><\/p>\n<p><a href=\"https:\/\/ici.radio-canada.ca\/ohdio\/musique\/emissions\/5123\/leffetpogonat\" rel=\"noopener\">L&#8217;effet Pogonat\u00a0<\/a>(Radio-Canada) &#8211; \u00e9pisode de balado mettant en vedette l&#8217;auteure-compositrice-interpr\u00e8te, cin\u00e9aste et activiste inuite Elisapie (9h HNE).<\/p>\n<p><a href=\"https:\/\/open.spotify.com\/show\/5IffyuM99Aq19uPWPtXJm1\" rel=\"noopener\">Voies Parall\u00e8les &#8211;\u00a0<\/a>Balado centr\u00e9 sur les voix autochtones et leurs exp\u00e9riences au Qu\u00e9bec.<\/p>\n<p><strong><em>Lire<\/em><\/strong><\/p>\n<p><a href=\"https:\/\/ici.radio-canada.ca\/espaces-autochtones\/1799250\/guide-pensionnats-autochtones-reponses-questions\" rel=\"noopener\">Les pensionnats autochtones en 7 questions<\/a> (Radio-Canada) \u2013 Une br\u00e8ve histoire des pensionnats en 7 questions.<\/p>\n<p><a href=\"https:\/\/ici.radio-canada.ca\/nouvelle\/1126807\/journee-chandail-orange-enseignant-glenlawn-phyllis-webstad-sean-olicer-histoire-canada\" rel=\"noopener\">L&#8217;histoire du Chandail Orange<\/a> par Phyllis Webstad \u2013 Courte histoire sur les origines de la Journ\u00e9e du Chandail Orange.<\/p>\n<p><a href=\"https:\/\/www.leslibraires.ca\/livres\/je-ne-suis-pas-un-numero-kathy-kacer-9781443155700.html\" rel=\"noopener\">Je ne suis pas un num\u00e9ro<\/a> de Jenny Kay Dupuis et Kathy Kacer \u2013 L\u2019histoire d&#8217;une jeune fille et de ses exp\u00e9riences dans un pensionnat.<\/p>\n<p><a href=\"https:\/\/www.leslibraires.ca\/livres\/ni-kistisin-je-me-souviens-edouard-itual-germain-9782923926698.html\" rel=\"noopener\">Ni kistisin\/Je me souviens<\/a> d&#8217;\u00c9duard Itual Germain \u2013 Livre de po\u00e9sie qui refl\u00e8te les sombres r\u00e9alit\u00e9s v\u00e9cues par les enfants autochtones dans le syst\u00e8me des pensionnats.<\/p>\n<p><a href=\"https:\/\/www.leslibraires.ca\/livres\/le-vent-en-parle-encore-michel-jean-9782897220785.html\" rel=\"noopener\">Le vent en parle encore<\/a> de Michel Jean-Book\u2014 L&#8217;histoire de trois jeunes enfants enlev\u00e9s \u00e0 leur famille et plac\u00e9s dans un pensionnat.<\/p>\n<p><strong><em>Regarder<\/em><\/strong><\/p>\n<p><a href=\"https:\/\/ici.radio-canada.ca\/tele\/pour-toi-flora\/site\" rel=\"noopener\">S\u00e9rie Radio-Canada: Pour toi Flora<\/a>\u2014 S\u00e9rie qui suit un jeune fr\u00e8re et une jeune s\u0153ur dans le syst\u00e8me des pensionnats, puis des ann\u00e9es plus tard, alors qu&#8217;ils tentent de faire la paix avec leur pass\u00e9 douloureux.<\/p>\n<p><a href=\"https:\/\/www.onf.ca\/selections\/peuples-autochtones\/lecture\/#3\" rel=\"noopener\">Documentaire de l&#8217;ONF:<\/a><a href=\"https:\/\/www.onf.ca\/selections\/peuples-autochtones\/lecture\/#3\" rel=\"noopener\"> Ruse ou Trait\u00e9<\/a> d&#8217;Alanis Obomsawin \u2013 Film documentaire sur la nature contradictoire du Trait\u00e9 9 et ses impacts au fil des ans sur les communaut\u00e9s autochtones du nord de l&#8217;Ontario.<\/p>\n<p><a href=\"https:\/\/www.aptntv.ca\/sansreserve\/\" rel=\"noopener\">S\u00e9rie APTN:<\/a><a href=\"https:\/\/www.aptntv.ca\/sansreserve\/\" rel=\"noopener\"> Sans R\u00e9serve<\/a> anim\u00e9 par Charles Bender \u2013 S\u00e9rie qui met en lumi\u00e8re les voix autochtones \u00e0 travers le pays.<\/p>\n<p><a href=\"https:\/\/www.onf.ca\/selections\/journee-du-chandail-orange\/lecture\/#1\" rel=\"noopener\">Documentaire de l&#8217;ONF:<\/a><a href=\"https:\/\/www.onf.ca\/selections\/journee-du-chandail-orange\/lecture\/#1\" rel=\"noopener\"> Nous n&#8217;\u00e9tions que des enfants<\/a> par Tim Wolochatiuk \u2013 Film documentaire sur l&#8217;impact du syst\u00e8me des pensionnats, vu \u00e0 travers les yeux de deux enfants.<\/p>\n<p><a href=\"https:\/\/www.onf.ca\/selections\/journee-du-chandail-orange\/lecture\/#3\" rel=\"noopener\">Court m\u00e9trage de l&#8217;ONF:<\/a><a href=\"https:\/\/www.onf.ca\/selections\/journee-du-chandail-orange\/lecture\/#3\" rel=\"noopener\"> Retour \u00e0 Holy Angels<\/a> de Jay Cardinal Villeneuve \u2013 Court m\u00e9trage sur une femme qui revient sur les effets n\u00e9fastes du syst\u00e8me des pensionnats sur elle et sur sa communaut\u00e9.<\/p>\n<p><a href=\"https:\/\/endvaw.ca\/archives\/truth-reconciliation\/\"><strong>Ressources en anglais disponibles ici.<\/strong><\/a><\/p>\n","protected":false},"excerpt":{"rendered":"<p>Aujourd&#8217;hui, 30 septembre, c&#8217;est la deuxi\u00e8me Journ\u00e9e nationale annuelle de la v\u00e9rit\u00e9 et de la r\u00e9conciliation. En tant qu&#8217;organisation colonialiste, le personnel d\u2019HFC a d\u00e9cid\u00e9 de ne pas prendre le jour de cong\u00e9 f\u00e9ri\u00e9, mais plut\u00f4t de passer une bonne partie de la journ\u00e9e \u00e0 s&#8217;int\u00e9resser aux ressources li\u00e9es aux pensionnats et \u00e0 la r\u00e9conciliation. [&hellip;]<\/p>\n","protected":false},"author":1,"featured_media":10086,"comment_status":"closed","ping_status":"open","sticky":false,"template":"","format":"standard","meta":{"site-sidebar-layout":"default","site-content-layout":"","ast-site-content-layout":"default","site-content-style":"default","site-sidebar-style":"default","ast-global-header-display":"","ast-banner-title-visibility":"","ast-main-header-display":"","ast-hfb-above-header-display":"","ast-hfb-below-header-display":"","ast-hfb-mobile-header-display":"","site-post-title":"","ast-breadcrumbs-content":"","ast-featured-img":"","footer-sml-layout":"","ast-disable-related-posts":"","theme-transparent-header-meta":"","adv-header-id-meta":"","stick-header-meta":"","header-above-stick-meta":"","header-main-stick-meta":"","header-below-stick-meta":"","astra-migrate-meta-layouts":"default","ast-page-background-enabled":"default","ast-page-background-meta":{"desktop":{"background-color":"","background-image":"","background-repeat":"repeat","background-position":"center center","background-size":"auto","background-attachment":"scroll","background-type":"","background-media":"","overlay-type":"","overlay-color":"","overlay-opacity":"","overlay-gradient":""},"tablet":{"background-color":"","background-image":"","background-repeat":"repeat","background-position":"center center","background-size":"auto","background-attachment":"scroll","background-type":"","background-media":"","overlay-type":"","overlay-color":"","overlay-opacity":"","overlay-gradient":""},"mobile":{"background-color":"","background-image":"","background-repeat":"repeat","background-position":"center center","background-size":"auto","background-attachment":"scroll","background-type":"","background-media":"","overlay-type":"","overlay-color":"","overlay-opacity":"","overlay-gradient":""}},"ast-content-background-meta":{"desktop":{"background-color":"var(--ast-global-color-5)","background-image":"","background-repeat":"repeat","background-position":"center center","background-size":"auto","background-attachment":"scroll","background-type":"","background-media":"","overlay-type":"","overlay-color":"","overlay-opacity":"","overlay-gradient":""},"tablet":{"background-color":"var(--ast-global-color-5)","background-image":"","background-repeat":"repeat","background-position":"center center","background-size":"auto","background-attachment":"scroll","background-type":"","background-media":"","overlay-type":"","overlay-color":"","overlay-opacity":"","overlay-gradient":""},"mobile":{"background-color":"var(--ast-global-color-5)","background-image":"","background-repeat":"repeat","background-position":"center center","background-size":"auto","background-attachment":"scroll","background-type":"","background-media":"","overlay-type":"","overlay-color":"","overlay-opacity":"","overlay-gradient":""}},"footnotes":"","_links_to":"","_links_to_target":""},"categories":[16],"tags":[],"class_list":["post-10083","post","type-post","status-publish","format-standard","has-post-thumbnail","hentry","category-blog-fr"],"meta_box":[],"_links":{"self":[{"href":"https:\/\/endvaw.ca\/fr\/wp-json\/wp\/v2\/posts\/10083","targetHints":{"allow":["GET"]}}],"collection":[{"href":"https:\/\/endvaw.ca\/fr\/wp-json\/wp\/v2\/posts"}],"about":[{"href":"https:\/\/endvaw.ca\/fr\/wp-json\/wp\/v2\/types\/post"}],"author":[{"embeddable":true,"href":"https:\/\/endvaw.ca\/fr\/wp-json\/wp\/v2\/users\/1"}],"replies":[{"embeddable":true,"href":"https:\/\/endvaw.ca\/fr\/wp-json\/wp\/v2\/comments?post=10083"}],"version-history":[{"count":1,"href":"https:\/\/endvaw.ca\/fr\/wp-json\/wp\/v2\/posts\/10083\/revisions"}],"predecessor-version":[{"id":14703,"href":"https:\/\/endvaw.ca\/fr\/wp-json\/wp\/v2\/posts\/10083\/revisions\/14703"}],"wp:featuredmedia":[{"embeddable":true,"href":"https:\/\/endvaw.ca\/fr\/wp-json\/wp\/v2\/media\/10086"}],"wp:attachment":[{"href":"https:\/\/endvaw.ca\/fr\/wp-json\/wp\/v2\/media?parent=10083"}],"wp:term":[{"taxonomy":"category","embeddable":true,"href":"https:\/\/endvaw.ca\/fr\/wp-json\/wp\/v2\/categories?post=10083"},{"taxonomy":"post_tag","embeddable":true,"href":"https:\/\/endvaw.ca\/fr\/wp-json\/wp\/v2\/tags?post=10083"}],"curies":[{"name":"wp","href":"https:\/\/api.w.org\/{rel}","templated":true}]}}