{"id":8126,"date":"2022-02-08T15:19:59","date_gmt":"2022-02-08T20:19:59","guid":{"rendered":"https:\/\/endvaw.technicalities.ca\/?post_type=news&#038;p=8126"},"modified":"2025-12-10T15:38:18","modified_gmt":"2025-12-10T20:38:18","slug":"declaration-commune-sur-les-effets-du-convoi-de-la-liberte-sur-les-femmes-et-les-enfants-fuyant-la-violence","status":"publish","type":"news","link":"https:\/\/endvaw.ca\/fr\/news\/declaration-commune-sur-les-effets-du-convoi-de-la-liberte-sur-les-femmes-et-les-enfants-fuyant-la-violence\/","title":{"rendered":"D\u00e9claration commune sur les effets du \u00abconvoi de la libert\u00e9\u00bb sur les femmes et les enfants fuyant la violence"},"content":{"rendered":"<p>8 f\u00e9vrier 2022<\/p>\n<p>H\u00e9bergement femmes Canada et les associations provinciales et territoriales partenaires condamnent les actes flagrants de violence, de misogynie et de supr\u00e9matie blanche manifest\u00e9s \u00e0 Ottawa, Winnipeg, Qu\u00e9bec City, Vancouver, Toronto, Windsor, Edmonton, Coutts, Whitehorse \u2013 et dans tout le pays \u2013 au cours des deux derni\u00e8res semaines.<\/p>\n<p>Bien que nous soutenions le droit de manifester pacifiquement, d&#8217;avoir des opinions divergentes et de faire preuve de d\u00e9sob\u00e9issance civile au sein de notre syst\u00e8me d\u00e9mocratique, nous condamnons pleinement le racisme, l&#8217;antis\u00e9mitisme, la misogynie, l&#8217;islamophobie, l&#8217;homophobie et la transphobie dont ont fait preuve les membres du soi-disant convoi de la libert\u00e9 ainsi que certains de ses organisateurs. Cette manifestation \u2013 en particulier \u00e0 Ottawa \u2013 s&#8217;est transform\u00e9e en une campagne de terreur contre les r\u00e9sidents locaux, y compris les femmes et les enfants qui fuient la violence. Nous condamnons l&#8217;impact que ces manifestations ont eu sur la libert\u00e9 de mouvement, la capacit\u00e9 des femmes victimes de violence familiale \u00e0 acc\u00e9der aux services, ainsi que sur la capacit\u00e9 du personnel des maisons d\u2019h\u00e9bergement, du personnel de premi\u00e8re ligne et des responsables des premiers secours de s\u2019acquitter de leur devoir d&#8217;assurer la s\u00e9curit\u00e9 des communaut\u00e9s.<\/p>\n<p>Nous amplifions les voix des survivantes, qui subissent <a href=\"https:\/\/ottawa.citynews.ca\/local-news\/workers-concerned-for-survivors-of-domestic-violence-amid-ottawa-protests-5022976\" rel=\"noopener\">un surcroit de stress et d\u2019anxi\u00e9t\u00e9<\/a> en raison des manifestations.<\/p>\n<p>Nous amplifions les voix des peuples autochtones, qui ont qualifi\u00e9 d\u2019<a href=\"https:\/\/www.cbc.ca\/news\/indigenous\/algonquin-nation-unacceptable-ottawa-truck-protest-1.6338908?fbclid=IwAR0OAuJGJb0hrND8ItEP77oJW94xVCGsohM3BEAKVe-YJKH_Aa2VD5GwSa4\" rel=\"noopener\">\u00abinacceptables\u00bb<\/a> les actions men\u00e9es sur leur territoire.<\/p>\n<p>Nous amplifions les voix des femmes autochtones, qui ont condamn\u00e9 les <a href=\"https:\/\/www.facebook.com\/NACAFV\/posts\/1441034479661792\" rel=\"noopener\">\u00abcomportements constants d&#8217;irrespect, de m\u00e9pris et de d\u00e9rision qui d\u00e9nigrent les peuples, les terres, les cultures et les pratiques autochtones\u00bb<\/a>.<\/p>\n<p>Nous amplifions les voix des personnes racis\u00e9es, qui ont ainsi qualifi\u00e9 les manifestations: <a href=\"https:\/\/docs.google.com\/document\/d\/1tCegnXw5SO8ApOQi6NQiJ05cX9_Me2a-\/edit\" rel=\"noopener\">\u00abune occasion pour les supr\u00e9macistes blancs et autres personnes ayant des opinions extr\u00eames et d\u00e9rangeantes de parader en public leurs points de vue odieux\u00bb.<\/a><\/p>\n<p>Nous amplifions les voix de la communaut\u00e9 juive qui ont condamn\u00e9 l\u2019imagerie nazie et la comparaison des restrictions COVID-19 \u00e0, <a href=\"https:\/\/winnipeg.ctvnews.ca\/convoy-opposing-trucker-vaccine-mandate-draws-large-crowd-concerns-over-comparison-to-holocaust-1.5754240\" rel=\"noopener\">\u00ab\u00a0l\u2019\u00e9tiquetage des juifs qui a r\u00e9sult\u00e9 dans le meurtre de six millions d\u2019hommes, femmes, et enfants.\u00a0\u00bb<\/a><\/p>\n<p>Nous amplifions les voix des personnes en situation de handicap, qui ont \u00e9t\u00e9 <a href=\"https:\/\/www.cbc.ca\/news\/canada\/ottawa\/para-transpo-truck-convoy-1.6335384\" rel=\"noopener\">incroyablement affect\u00e9es<\/a> par le bruit constant et l&#8217;inaccessibilit\u00e9 cr\u00e9\u00e9s par le convoi.<\/p>\n<p>Nous amplifions les voix des refuges locaux pour les femmes sans abri et celles qui fuient la violence, qui ont d\u00e9crit comment leurs clientes ont <a href=\"https:\/\/cornerstonewomen.ca\/statement-downtown-protests-impact-on-cornerstones-emergency-womens-shelter\/?_thumbnail_id=767\" rel=\"noopener\">peur de sortir et ont m\u00eame \u00e9t\u00e9 hospitalis\u00e9es en raison du traumatisme accru.<\/a><\/p>\n<p>Nous sommes enti\u00e8rement solidaires des femmes et des communaut\u00e9s BIPOC et 2ELGBTQIA+, ainsi que des refuges et des maisons d\u2019h\u00e9bergement qui les accueillent dans tout le pays. Le dialogue et la dissidence l\u00e9gitimes au sein de notre d\u00e9mocratie sont les bienvenus; la terreur et la violence ne le sont pas.<\/p>\n<p>Sign\u00e9,<\/p>\n<p>H\u00e9bergement femmes au Canada<br \/>\nAlberta Council of Women&#8217;s Shelters<br \/>\nL&#8217;Alliance des maisons d&#8217;h\u00e9bergement de 2e \u00e9tape pour femmes et enfants victimes de violence conjugale<br \/>\nBC Society of Transition Houses<br \/>\nF\u00e9d\u00e9ration des maisons d&#8217;h\u00e9bergement pour femmes<br \/>\nManitoba Association of Women&#8217;s Shelters<br \/>\nNew Brunswick South Central Transition House and Second Stage Coalition, Inc.<br \/>\nOntario Association of Interval and Transition Houses<br \/>\nPEI Family Violence Prevention Services Inc.<br \/>\nProvincial Association of Transition Houses and Services of Saskatchewan<br \/>\nRegroupement des maisons pour femmes victimes de violence conjugale<br \/>\nTransition House Association of Newfoundland and Labrador<br \/>\nTransition House Association of Nova Scotia<br \/>\nWomen\u2019s Transition Home (Yukon)<br \/>\nYWCA Northwest Territories<\/p>\n","protected":false},"excerpt":{"rendered":"<p>8 f\u00e9vrier 2022 H\u00e9bergement femmes Canada et les associations provinciales et territoriales partenaires condamnent les actes flagrants de violence, de misogynie et de supr\u00e9matie blanche manifest\u00e9s \u00e0 Ottawa, Winnipeg, Qu\u00e9bec City, Vancouver, Toronto, Windsor, Edmonton, Coutts, Whitehorse \u2013 et dans tout le pays \u2013 au cours des deux derni\u00e8res semaines. Bien que nous soutenions le [&hellip;]<\/p>\n","protected":false},"featured_media":0,"template":"","meta":{"site-sidebar-layout":"default","site-content-layout":"","ast-site-content-layout":"default","site-content-style":"default","site-sidebar-style":"default","ast-global-header-display":"","ast-banner-title-visibility":"","ast-main-header-display":"","ast-hfb-above-header-display":"","ast-hfb-below-header-display":"","ast-hfb-mobile-header-display":"","site-post-title":"","ast-breadcrumbs-content":"","ast-featured-img":"","footer-sml-layout":"","ast-disable-related-posts":"","theme-transparent-header-meta":"","adv-header-id-meta":"","stick-header-meta":"","header-above-stick-meta":"","header-main-stick-meta":"","header-below-stick-meta":"","astra-migrate-meta-layouts":"default","ast-page-background-enabled":"default","ast-page-background-meta":{"desktop":{"background-color":"","background-image":"","background-repeat":"repeat","background-position":"center center","background-size":"auto","background-attachment":"scroll","background-type":"","background-media":"","overlay-type":"","overlay-color":"","overlay-opacity":"","overlay-gradient":""},"tablet":{"background-color":"","background-image":"","background-repeat":"repeat","background-position":"center center","background-size":"auto","background-attachment":"scroll","background-type":"","background-media":"","overlay-type":"","overlay-color":"","overlay-opacity":"","overlay-gradient":""},"mobile":{"background-color":"","background-image":"","background-repeat":"repeat","background-position":"center center","background-size":"auto","background-attachment":"scroll","background-type":"","background-media":"","overlay-type":"","overlay-color":"","overlay-opacity":"","overlay-gradient":""}},"ast-content-background-meta":{"desktop":{"background-color":"var(--ast-global-color-5)","background-image":"","background-repeat":"repeat","background-position":"center center","background-size":"auto","background-attachment":"scroll","background-type":"","background-media":"","overlay-type":"","overlay-color":"","overlay-opacity":"","overlay-gradient":""},"tablet":{"background-color":"var(--ast-global-color-5)","background-image":"","background-repeat":"repeat","background-position":"center center","background-size":"auto","background-attachment":"scroll","background-type":"","background-media":"","overlay-type":"","overlay-color":"","overlay-opacity":"","overlay-gradient":""},"mobile":{"background-color":"var(--ast-global-color-5)","background-image":"","background-repeat":"repeat","background-position":"center center","background-size":"auto","background-attachment":"scroll","background-type":"","background-media":"","overlay-type":"","overlay-color":"","overlay-opacity":"","overlay-gradient":""}},"_links_to":"","_links_to_target":""},"categories":[],"class_list":["post-8126","news","type-news","status-publish","hentry"],"meta_box":[],"_links":{"self":[{"href":"https:\/\/endvaw.ca\/fr\/wp-json\/wp\/v2\/news\/8126","targetHints":{"allow":["GET"]}}],"collection":[{"href":"https:\/\/endvaw.ca\/fr\/wp-json\/wp\/v2\/news"}],"about":[{"href":"https:\/\/endvaw.ca\/fr\/wp-json\/wp\/v2\/types\/news"}],"wp:attachment":[{"href":"https:\/\/endvaw.ca\/fr\/wp-json\/wp\/v2\/media?parent=8126"}],"wp:term":[{"taxonomy":"categories","embeddable":true,"href":"https:\/\/endvaw.ca\/fr\/wp-json\/wp\/v2\/categories?post=8126"}],"curies":[{"name":"wp","href":"https:\/\/api.w.org\/{rel}","templated":true}]}}