{"id":3543,"date":"2018-02-07T16:10:03","date_gmt":"2018-02-07T21:10:03","guid":{"rendered":"https:\/\/endvaw.technicalities.ca\/?post_type=news&#038;p=3543"},"modified":"2025-12-10T15:38:15","modified_gmt":"2025-12-10T20:38:15","slug":"inscription-conference-pancanadienne","status":"publish","type":"news","link":"https:\/\/endvaw.ca\/fr\/news\/inscription-conference-pancanadienne\/","title":{"rendered":"Inscription \u00e0 la conf\u00e9rence pancanadienne"},"content":{"rendered":"<p>Les inscriptions sont ouvertes!\u00a0Inscrivez-vous maintenant pour participer \u00e0 la premi\u00e8re conf\u00e9rence pancanadienne d\u2019H\u00e9bergement femmes Canada en juin 2018 \u00e0 Ottawa \u2013 <strong>Maisons d\u2019h\u00e9bergement de l\u2019avenir: une conversation pancanadienne<\/strong>.<\/p>\n<p>En plus d\u2019une occasion exceptionnelle d\u2019\u00e9change et de coapprentissage pour les travailleuses en maison d\u2019h\u00e9bergement, cet \u00e9v\u00e9nement offrira une chance unique aux partenaires communautaires, d\u00e9cisionnaires politiques, chercheuses, activistes, survivantes et beaucoup d\u2019autres d\u2019interagir avec le secteur de l\u2019h\u00e9bergement. Rassemblant 600 personnes, la conf\u00e9rence offrira de nombreuses possibilit\u00e9s de partage des savoirs et de collaboration par le biais d\u2019ateliers, de pr\u00e9sentations en panel et de groupes de discussion.<\/p>\n<p><a href=\"http:\/\/endvaw.ca\/cp2018\/fr\/registration\/\">S&#8217;inscrire ici<\/a><\/p>\n","protected":false},"excerpt":{"rendered":"<p>Les inscriptions sont ouvertes!\u00a0Inscrivez-vous maintenant pour participer \u00e0 la premi\u00e8re conf\u00e9rence pancanadienne d\u2019H\u00e9bergement femmes Canada en juin 2018 \u00e0 Ottawa \u2013 Maisons d\u2019h\u00e9bergement de l\u2019avenir: une conversation pancanadienne. En plus d\u2019une occasion exceptionnelle d\u2019\u00e9change et de coapprentissage pour les travailleuses en maison d\u2019h\u00e9bergement, cet \u00e9v\u00e9nement offrira une chance unique aux partenaires communautaires, d\u00e9cisionnaires politiques, chercheuses, [&hellip;]<\/p>\n","protected":false},"featured_media":0,"template":"","meta":{"site-sidebar-layout":"default","site-content-layout":"","ast-site-content-layout":"default","site-content-style":"default","site-sidebar-style":"default","ast-global-header-display":"","ast-banner-title-visibility":"","ast-main-header-display":"","ast-hfb-above-header-display":"","ast-hfb-below-header-display":"","ast-hfb-mobile-header-display":"","site-post-title":"","ast-breadcrumbs-content":"","ast-featured-img":"","footer-sml-layout":"","ast-disable-related-posts":"","theme-transparent-header-meta":"","adv-header-id-meta":"","stick-header-meta":"","header-above-stick-meta":"","header-main-stick-meta":"","header-below-stick-meta":"","astra-migrate-meta-layouts":"default","ast-page-background-enabled":"default","ast-page-background-meta":{"desktop":{"background-color":"","background-image":"","background-repeat":"repeat","background-position":"center center","background-size":"auto","background-attachment":"scroll","background-type":"","background-media":"","overlay-type":"","overlay-color":"","overlay-opacity":"","overlay-gradient":""},"tablet":{"background-color":"","background-image":"","background-repeat":"repeat","background-position":"center center","background-size":"auto","background-attachment":"scroll","background-type":"","background-media":"","overlay-type":"","overlay-color":"","overlay-opacity":"","overlay-gradient":""},"mobile":{"background-color":"","background-image":"","background-repeat":"repeat","background-position":"center center","background-size":"auto","background-attachment":"scroll","background-type":"","background-media":"","overlay-type":"","overlay-color":"","overlay-opacity":"","overlay-gradient":""}},"ast-content-background-meta":{"desktop":{"background-color":"var(--ast-global-color-5)","background-image":"","background-repeat":"repeat","background-position":"center center","background-size":"auto","background-attachment":"scroll","background-type":"","background-media":"","overlay-type":"","overlay-color":"","overlay-opacity":"","overlay-gradient":""},"tablet":{"background-color":"var(--ast-global-color-5)","background-image":"","background-repeat":"repeat","background-position":"center center","background-size":"auto","background-attachment":"scroll","background-type":"","background-media":"","overlay-type":"","overlay-color":"","overlay-opacity":"","overlay-gradient":""},"mobile":{"background-color":"var(--ast-global-color-5)","background-image":"","background-repeat":"repeat","background-position":"center center","background-size":"auto","background-attachment":"scroll","background-type":"","background-media":"","overlay-type":"","overlay-color":"","overlay-opacity":"","overlay-gradient":""}},"_links_to":"","_links_to_target":""},"categories":[],"class_list":["post-3543","news","type-news","status-publish","hentry"],"meta_box":[],"_links":{"self":[{"href":"https:\/\/endvaw.ca\/fr\/wp-json\/wp\/v2\/news\/3543","targetHints":{"allow":["GET"]}}],"collection":[{"href":"https:\/\/endvaw.ca\/fr\/wp-json\/wp\/v2\/news"}],"about":[{"href":"https:\/\/endvaw.ca\/fr\/wp-json\/wp\/v2\/types\/news"}],"wp:attachment":[{"href":"https:\/\/endvaw.ca\/fr\/wp-json\/wp\/v2\/media?parent=3543"}],"wp:term":[{"taxonomy":"categories","embeddable":true,"href":"https:\/\/endvaw.ca\/fr\/wp-json\/wp\/v2\/categories?post=3543"}],"curies":[{"name":"wp","href":"https:\/\/api.w.org\/{rel}","templated":true}]}}