{"id":13070,"date":"2025-06-03T16:21:57","date_gmt":"2025-06-03T20:21:57","guid":{"rendered":"https:\/\/endvaw.technicalities.ca\/?post_type=news&#038;p=13070"},"modified":"2025-12-10T15:38:21","modified_gmt":"2025-12-10T20:38:21","slug":"hebergement-femmes-canada-accueille-le-nouveau-cabinet-et-appelle-a-des-mesures-audacieuses-pour-lutter-contre-la-hausse-des-taux-de-feminicides","status":"publish","type":"news","link":"https:\/\/endvaw.ca\/fr\/news\/hebergement-femmes-canada-accueille-le-nouveau-cabinet-et-appelle-a-des-mesures-audacieuses-pour-lutter-contre-la-hausse-des-taux-de-feminicides\/","title":{"rendered":"H\u00e9bergement femmes Canada accueille le nouveau cabinet et appelle \u00e0 des mesures audacieuses pour lutter contre la hausse des taux de f\u00e9minicides"},"content":{"rendered":"<p><span data-contrast=\"auto\">Le 13 mai, le premier ministre Carney a d\u00e9voil\u00e9 son nouveau cabinet, suivi par une lettre de mandat unique pr\u00e9cisant sept priorit\u00e9s cl\u00e9s pour le gouvernement actuel. Le discours du Tr\u00f4ne de la semaine derni\u00e8re a ajout\u00e9 un contexte important, notamment l\u2019annonce d\u2019un engagement \u00e0 retirer les permis d\u2019armes \u00e0 feu aux personnes reconnues coupables de violence entre partenaires intimes (VPI). <\/span><span data-ccp-props=\"{}\">\u00a0<\/span><\/p>\n<p><span data-contrast=\"auto\">Il s\u2019agit d\u2019un pas essentiel \u2013 mais qui pr\u00e9sente malheureusement la violence conjugale uniquement sous l\u2019angle de la s\u00e9curit\u00e9 publique. Les discussions sur le contr\u00f4le des armes \u00e0 feu sont essentielles, surtout si l&#8217;on consid\u00e8re leur r\u00f4le dans les f\u00e9minicides \u2013 elles sont utilis\u00e9es dans un tiers des cas, selon l\u2019Observatoire canadien du f\u00e9minicide pour la justice et la responsabilisation. Mais cela doit faire partie d&#8217;une r\u00e9ponse plus large et mieux coordonn\u00e9e. Nous sommes pr\u00eates \u00e0 travailler avec le nouveau gouvernement pour mettre en \u0153uvre des solutions plus holistiques, pr\u00e9ventives et centr\u00e9es sur les survivantes, qui s\u2019attaquent aux causes structurelles de la violence bas\u00e9e sur le genre (VBG) et de la VPI.<\/span><span data-ccp-props=\"{}\">\u00a0<\/span><\/p>\n<p><span data-contrast=\"auto\">Nous saluons la nomination de l\u2019honorable Rechie Valdez au poste de ministre des Femmes et de l\u2019\u00c9galit\u00e9 des genres (FEG). Il s\u2019agit d&#8217;une victoire importante pour les d\u00e9fenseur\u00b7e\u00b7s de la justice de genre partout au pays. \u00c0 un moment o\u00f9 la violence bas\u00e9e sur le genre atteint des niveaux \u00e9pid\u00e9miques, o\u00f9 les femmes, les filles, les personnes de la diversit\u00e9 de genre et les personnes bispirituelles subissent de fa\u00e7on disproportionn\u00e9e les effets de la pauvret\u00e9, de l\u2019ins\u00e9curit\u00e9 en mati\u00e8re de logement et du sous-financement des services sociaux, cette nomination montre que le gouvernement f\u00e9d\u00e9ral est \u00e0 l\u2019\u00e9coute. <\/span><span data-ccp-props=\"{}\">\u00a0<\/span><\/p>\n<p><span data-contrast=\"auto\">C\u2019est un puissant rappel que la mobilisation f\u00e9ministe donne des r\u00e9sultats.<\/span><span data-ccp-props=\"{}\">\u00a0<\/span><\/p>\n<p><span data-contrast=\"auto\">Nous nous r\u00e9jouissons \u00e9galement de la nomination de l&#8217;honorable Gregor Robertson au poste de ministre du Logement et des Infrastructures. Alors qu&#8217;il entre en fonction en tant que nouveau ministre, nous l&#8217;invitons \u00e0 prendre des mesures audacieuses pour aller au-del\u00e0 des solutions de logement ax\u00e9es sur le march\u00e9, qui ont \u00e9chou\u00e9 \u00e0 garantir un logement s\u00e9curitaire et ad\u00e9quat pour toutes et tous, et \u00e0 s\u2019orienter vers des mod\u00e8les qui reconnaissent le logement comme un droit fondamental. Nous tenons \u00e0 souligner en particulier l\u2019investissement de 50 millions $ dans le logement avec services de soutien, annonc\u00e9 dans l\u2019\u00c9nonc\u00e9 \u00e9conomique de l\u2019automne, et le\u00a0d\u00e9ploiement\u00a0encourageant de cette initiative.<\/span><span data-ccp-props=\"{}\">\u00a0<\/span><\/p>\n<p><span data-contrast=\"auto\">Nous accueillons aussi favorablement l\u2019engagement du gouvernement Carney envers la parit\u00e9 de genre au sein du cabinet. La repr\u00e9sentation \u00e9quitable est une \u00e9tape essentielle vers une gouvernance inclusive. Nous encourageons le gouvernement \u00e0 s\u2019assurer que chaque ministre dispose des outils et des ressources n\u00e9cessaires pour r\u00e9pondre aux besoins diversifi\u00e9s des populations au Canada \u2013 y compris, mais sans s\u2019y limiter, les femmes en situation de handicap, les femmes autochtones, les personnes 2SLGBTQIA+, les personnes nouvellement arriv\u00e9es, les personnes \u00e0 faible revenu et toutes celles et ceux qui font face \u00e0 des obstacles crois\u00e9s \u00e0 l\u2019\u00e9galit\u00e9. Une v\u00e9ritable parit\u00e9 de genre exige une approche intersectionnelle et fond\u00e9e sur les droits, o\u00f9 les d\u00e9cisions politiques sont guid\u00e9es par les voix des personnes les plus touch\u00e9es par les in\u00e9galit\u00e9s syst\u00e9miques.<\/span><span data-ccp-props=\"{}\">\u00a0<\/span><\/p>\n<p><span data-contrast=\"auto\">Bien que la lettre de mandat commune au cabinet mette de l\u2019avant des priorit\u00e9s \u00e9conomiques et infrastructurelles importantes, elle ne contient aucun engagement clair en mati\u00e8re de lutte contre la VFG ni de promotion de l\u2019\u00e9galit\u00e9 des genres. Au cours des prochaines semaines, nous communiquerons avec les ministres cl\u00e9s pour leur soumettre des recommandations concr\u00e8tes afin de garantir une r\u00e9ponse audacieuse, coordonn\u00e9e et \u00e0 la hauteur de l\u2019urgence que repr\u00e9sente la crise de la VFG.<\/span><span data-ccp-props=\"{}\">\u00a0<\/span><\/p>\n<p><span data-contrast=\"auto\">Nous sommes pr\u00eates \u00e0 travailler avec l\u2019ensemble des ministres et leurs \u00e9quipes pour mettre en place des solutions concr\u00e8tes et durables qui r\u00e9pondent aux besoins des survivantes de violence fond\u00e9e sur le genre \u2013 y compris les personnes en situation d\u2019itin\u00e9rance.<\/span><span data-ccp-props=\"{}\">\u00a0<\/span><\/p>\n","protected":false},"excerpt":{"rendered":"<p>Le 13 mai, le premier ministre Carney a d\u00e9voil\u00e9 son nouveau cabinet, suivi par une lettre de mandat unique pr\u00e9cisant sept priorit\u00e9s cl\u00e9s pour le gouvernement actuel. Le discours du Tr\u00f4ne de la semaine derni\u00e8re a ajout\u00e9 un contexte important, notamment l\u2019annonce d\u2019un engagement \u00e0 retirer les permis d\u2019armes \u00e0 feu aux personnes reconnues coupables [&hellip;]<\/p>\n","protected":false},"featured_media":0,"template":"","meta":{"site-sidebar-layout":"default","site-content-layout":"","ast-site-content-layout":"default","site-content-style":"default","site-sidebar-style":"default","ast-global-header-display":"","ast-banner-title-visibility":"","ast-main-header-display":"","ast-hfb-above-header-display":"","ast-hfb-below-header-display":"","ast-hfb-mobile-header-display":"","site-post-title":"","ast-breadcrumbs-content":"","ast-featured-img":"","footer-sml-layout":"","ast-disable-related-posts":"","theme-transparent-header-meta":"","adv-header-id-meta":"","stick-header-meta":"","header-above-stick-meta":"","header-main-stick-meta":"","header-below-stick-meta":"","astra-migrate-meta-layouts":"default","ast-page-background-enabled":"default","ast-page-background-meta":{"desktop":{"background-color":"","background-image":"","background-repeat":"repeat","background-position":"center center","background-size":"auto","background-attachment":"scroll","background-type":"","background-media":"","overlay-type":"","overlay-color":"","overlay-opacity":"","overlay-gradient":""},"tablet":{"background-color":"","background-image":"","background-repeat":"repeat","background-position":"center center","background-size":"auto","background-attachment":"scroll","background-type":"","background-media":"","overlay-type":"","overlay-color":"","overlay-opacity":"","overlay-gradient":""},"mobile":{"background-color":"","background-image":"","background-repeat":"repeat","background-position":"center center","background-size":"auto","background-attachment":"scroll","background-type":"","background-media":"","overlay-type":"","overlay-color":"","overlay-opacity":"","overlay-gradient":""}},"ast-content-background-meta":{"desktop":{"background-color":"var(--ast-global-color-5)","background-image":"","background-repeat":"repeat","background-position":"center center","background-size":"auto","background-attachment":"scroll","background-type":"","background-media":"","overlay-type":"","overlay-color":"","overlay-opacity":"","overlay-gradient":""},"tablet":{"background-color":"var(--ast-global-color-5)","background-image":"","background-repeat":"repeat","background-position":"center center","background-size":"auto","background-attachment":"scroll","background-type":"","background-media":"","overlay-type":"","overlay-color":"","overlay-opacity":"","overlay-gradient":""},"mobile":{"background-color":"var(--ast-global-color-5)","background-image":"","background-repeat":"repeat","background-position":"center center","background-size":"auto","background-attachment":"scroll","background-type":"","background-media":"","overlay-type":"","overlay-color":"","overlay-opacity":"","overlay-gradient":""}},"_links_to":"","_links_to_target":""},"categories":[],"class_list":["post-13070","news","type-news","status-publish","hentry"],"meta_box":[],"_links":{"self":[{"href":"https:\/\/endvaw.ca\/fr\/wp-json\/wp\/v2\/news\/13070","targetHints":{"allow":["GET"]}}],"collection":[{"href":"https:\/\/endvaw.ca\/fr\/wp-json\/wp\/v2\/news"}],"about":[{"href":"https:\/\/endvaw.ca\/fr\/wp-json\/wp\/v2\/types\/news"}],"wp:attachment":[{"href":"https:\/\/endvaw.ca\/fr\/wp-json\/wp\/v2\/media?parent=13070"}],"wp:term":[{"taxonomy":"categories","embeddable":true,"href":"https:\/\/endvaw.ca\/fr\/wp-json\/wp\/v2\/categories?post=13070"}],"curies":[{"name":"wp","href":"https:\/\/api.w.org\/{rel}","templated":true}]}}