{"id":13011,"date":"2025-04-29T12:22:34","date_gmt":"2025-04-29T16:22:34","guid":{"rendered":"https:\/\/endvaw.technicalities.ca\/?post_type=news&#038;p=13011"},"modified":"2025-12-10T15:38:21","modified_gmt":"2025-12-10T20:38:21","slug":"hebergement-femmes-canada-accueille-un-nouveau-gouvernement-et-demande-des-engagements-fermes-en-faveur-de-lequite-entre-les-genres","status":"publish","type":"news","link":"https:\/\/endvaw.ca\/fr\/news\/hebergement-femmes-canada-accueille-un-nouveau-gouvernement-et-demande-des-engagements-fermes-en-faveur-de-lequite-entre-les-genres\/","title":{"rendered":"H\u00e9bergement femmes Canada accueille un nouveau gouvernement et demande des engagements fermes en faveur de l\u2019\u00e9quit\u00e9 entre les genres"},"content":{"rendered":"<p><strong>Ottawa, le 29\u00a0avril 2025<\/strong> &#8211; \u00c0 la suite des \u00e9lections f\u00e9d\u00e9rales, H\u00e9bergement femmes Canada demande au premier ministre Carney et \u00e0 son gouvernement d\u2019accorder la priorit\u00e9 \u00e0 la justice entre les genres et de prendre des engagements durables pour mettre fin \u00e0 la violence fond\u00e9e sur le genre.<\/p>\n<p>\u00ab Nous sommes \u00e0 un moment crucial de la lutte pour les droits des femmes \u00bb, d\u00e9clare Anuradha Dugal, directrice g\u00e9n\u00e9rale d\u2019H\u00e9bergement femmes Canada. \u00ab Les femmes de ce pays ont fait entendre leur voix. Il est maintenant temps que le gouvernement montre qu\u2019il est \u00e0 l\u2019\u00e9coute \u2013 et qu\u2019il agisse de mani\u00e8re d\u00e9cisive pour placer la justice de genre au c\u0153ur de son programme. \u00bb<\/p>\n<p>H\u00e9bergement femmes Canada demande instamment au nouveau gouvernement de nommer une ministre des Femmes et de l\u2019\u00c9galit\u00e9 des genres au sein du cabinet \u2013 un r\u00f4le essentiel pour garantir que les droits, la s\u00e9curit\u00e9 et le bien-\u00eatre des femmes restent \u00e0 l\u2019avant-plan des discussions et des d\u00e9cisions politiques. Ce travail vital ne peut pas \u00eatre r\u00e9alis\u00e9 dans le cadre d\u2019un minist\u00e8re plus large et sans lien avec le sujet. La violence fond\u00e9e sur le genre et le f\u00e9minicide \u00e9tant en augmentation, et le gouvernement f\u00e9d\u00e9ral ayant reconnu la violence fond\u00e9e sur le genre comme une \u00e9pid\u00e9mie en 2023, notre nouveau gouvernement doit maintenant agir sur la base de cette reconnaissance en renfor\u00e7ant sa r\u00e9ponse. L\u2019introduction du Plan d\u2019action national contre la violence fond\u00e9e sur le genre a constitu\u00e9 une \u00e9tape cruciale, mais il doit \u00eatre dot\u00e9 de ressources beaucoup plus importantes et faire l\u2019objet d\u2019\u00e9valuations r\u00e9guli\u00e8res afin de s\u2019assurer qu\u2019il r\u00e9pond v\u00e9ritablement \u00e0 l\u2019ampleur de la crise.<\/p>\n<p>La plateforme lib\u00e9rale a pris des engagements essentiels qui, s\u2019ils sont pleinement mis en \u0153uvre, pourraient avoir un effet transformateur. Il s\u2019agit notamment de prot\u00e9ger et de financer de mani\u00e8re permanente les services de sant\u00e9 sexuelle et reproductive, de renforcer les protections pour les victimes de violence entre partenaires intimes, de faire progresser le Plan d\u2019action national pour mettre fin \u00e0 la violence fond\u00e9e sur le genre et de faire avancer la mise en \u0153uvre des appels \u00e0 la justice de l\u2019Enqu\u00eate nationale sur les femmes et les filles autochtones disparues et assassin\u00e9es. Nous saluons \u00e9galement les promesses d\u2019investissement dans des logements tr\u00e8s abordables et des maisons d\u2019h\u00e9bergement avec soutiens, compte tenu du lien ind\u00e9niable entre le logement, la s\u00e9curit\u00e9 et les r\u00e9sultats en mati\u00e8re de sant\u00e9.<\/p>\n<p>\u00ab Nous nous r\u00e9jouissons de travailler avec le gouvernement du premier ministre Carney pour concr\u00e9tiser ces promesses et offrir \u00e0 la population du Canada l\u2019avenir pour lequel elle a vot\u00e9: un pays o\u00f9 les politiques f\u00e9ministes favorisent le progr\u00e8s et o\u00f9 l\u2019\u00e9galit\u00e9 entre les genres et une infrastructure sociale solide sont reconnues comme des moteurs de la prosp\u00e9rit\u00e9 \u00e9conomique \u00bb, affirme Mme\u00a0Dugal.<\/p>\n<p>-30-<\/p>\n<p>Pour les demandes de renseignements des m\u00e9dias, veuillez contacter <a href=\"mailto:media@endvaw.ca\">media@endvaw.ca<\/a><\/p>\n","protected":false},"excerpt":{"rendered":"<p>Ottawa, le 29\u00a0avril 2025 &#8211; \u00c0 la suite des \u00e9lections f\u00e9d\u00e9rales, H\u00e9bergement femmes Canada demande au premier ministre Carney et \u00e0 son gouvernement d\u2019accorder la priorit\u00e9 \u00e0 la justice entre les genres et de prendre des engagements durables pour mettre fin \u00e0 la violence fond\u00e9e sur le genre. \u00ab Nous sommes \u00e0 un moment crucial [&hellip;]<\/p>\n","protected":false},"featured_media":0,"template":"","meta":{"site-sidebar-layout":"default","site-content-layout":"","ast-site-content-layout":"default","site-content-style":"default","site-sidebar-style":"default","ast-global-header-display":"","ast-banner-title-visibility":"","ast-main-header-display":"","ast-hfb-above-header-display":"","ast-hfb-below-header-display":"","ast-hfb-mobile-header-display":"","site-post-title":"","ast-breadcrumbs-content":"","ast-featured-img":"","footer-sml-layout":"","ast-disable-related-posts":"","theme-transparent-header-meta":"","adv-header-id-meta":"","stick-header-meta":"","header-above-stick-meta":"","header-main-stick-meta":"","header-below-stick-meta":"","astra-migrate-meta-layouts":"default","ast-page-background-enabled":"default","ast-page-background-meta":{"desktop":{"background-color":"","background-image":"","background-repeat":"repeat","background-position":"center center","background-size":"auto","background-attachment":"scroll","background-type":"","background-media":"","overlay-type":"","overlay-color":"","overlay-opacity":"","overlay-gradient":""},"tablet":{"background-color":"","background-image":"","background-repeat":"repeat","background-position":"center center","background-size":"auto","background-attachment":"scroll","background-type":"","background-media":"","overlay-type":"","overlay-color":"","overlay-opacity":"","overlay-gradient":""},"mobile":{"background-color":"","background-image":"","background-repeat":"repeat","background-position":"center center","background-size":"auto","background-attachment":"scroll","background-type":"","background-media":"","overlay-type":"","overlay-color":"","overlay-opacity":"","overlay-gradient":""}},"ast-content-background-meta":{"desktop":{"background-color":"var(--ast-global-color-5)","background-image":"","background-repeat":"repeat","background-position":"center center","background-size":"auto","background-attachment":"scroll","background-type":"","background-media":"","overlay-type":"","overlay-color":"","overlay-opacity":"","overlay-gradient":""},"tablet":{"background-color":"var(--ast-global-color-5)","background-image":"","background-repeat":"repeat","background-position":"center center","background-size":"auto","background-attachment":"scroll","background-type":"","background-media":"","overlay-type":"","overlay-color":"","overlay-opacity":"","overlay-gradient":""},"mobile":{"background-color":"var(--ast-global-color-5)","background-image":"","background-repeat":"repeat","background-position":"center center","background-size":"auto","background-attachment":"scroll","background-type":"","background-media":"","overlay-type":"","overlay-color":"","overlay-opacity":"","overlay-gradient":""}},"_links_to":"","_links_to_target":""},"categories":[],"class_list":["post-13011","news","type-news","status-publish","hentry"],"meta_box":[],"_links":{"self":[{"href":"https:\/\/endvaw.ca\/fr\/wp-json\/wp\/v2\/news\/13011","targetHints":{"allow":["GET"]}}],"collection":[{"href":"https:\/\/endvaw.ca\/fr\/wp-json\/wp\/v2\/news"}],"about":[{"href":"https:\/\/endvaw.ca\/fr\/wp-json\/wp\/v2\/types\/news"}],"wp:attachment":[{"href":"https:\/\/endvaw.ca\/fr\/wp-json\/wp\/v2\/media?parent=13011"}],"wp:term":[{"taxonomy":"categories","embeddable":true,"href":"https:\/\/endvaw.ca\/fr\/wp-json\/wp\/v2\/categories?post=13011"}],"curies":[{"name":"wp","href":"https:\/\/api.w.org\/{rel}","templated":true}]}}