{"id":12895,"date":"2025-03-14T18:11:58","date_gmt":"2025-03-14T22:11:58","guid":{"rendered":"https:\/\/endvaw.technicalities.ca\/?post_type=news&#038;p=12895"},"modified":"2025-12-10T15:38:21","modified_gmt":"2025-12-10T20:38:21","slug":"communique-de-presse-conjoint-sur-la-ministre-de-fegc","status":"publish","type":"news","link":"https:\/\/endvaw.ca\/fr\/news\/communique-de-presse-conjoint-sur-la-ministre-de-fegc\/","title":{"rendered":"Communiqu\u00e9 de presse conjoint sur la ministre de FEGC"},"content":{"rendered":"<p><strong>Le gouvernement canadien supprime le poste de ministre des Femmes et \u00c9galit\u00e9 des genres pendant qu\u2019un sommet des Nations Unies sur les droits des femmes se d\u00e9roule.<\/strong><\/p>\n<p><strong>Si\u00e8ge de l\u2019ONU, New York \u2013<\/strong>\u00a0Il est inacceptable que le nouveau Premier ministre canadien ait supprim\u00e9 le poste de ministre des Femmes et \u00c9galit\u00e9 des genres et de la Jeunesse (FEGC) dans son cabinet nouvellement annonc\u00e9. Cette mesure r\u00e9gressive sape des d\u00e9cennies de progr\u00e8s vers l\u2019\u00e9galit\u00e9 des genres et la repr\u00e9sentation politique au Canada. M\u00eame dans un cabinet restreint, cens\u00e9 r\u00e9pondre \u00e0 des pressions \u00e9conomiques sp\u00e9cifiques, l\u2019absence de ce ministre d\u00e9di\u00e9 envoie un message troublant sur les priorit\u00e9s du gouvernement actuel et son engagement \u00e0 faire progresser les droits des femmes interg\u00e9n\u00e9rationnelles, des personnes 2ELGBTQIIA+ et l\u2019\u00e9galit\u00e9 des genres en g\u00e9n\u00e9ral. Une \u00e9conomie forte exige que nous investissions dans des politiques f\u00e9ministes, comme les soins de sant\u00e9, l\u2019assurance m\u00e9dicaments, la garde d\u2019enfants, le plan d\u2019action national pour mettre fin \u00e0 la violence fond\u00e9e sur le genre, et bien plus encore. L\u2019\u00e9galit\u00e9 des genres n\u2019est pas une r\u00e9flexion a posteriori ; c\u2019est l\u2019\u00e9pine dorsale d\u2019une \u00e9conomie forte et d\u2019une soci\u00e9t\u00e9 r\u00e9siliente.<\/p>\n<p>FEGC doit conserver un poste d\u00e9di\u00e9 au cabinet. La consolidation de ces responsabilit\u00e9s dans un portefeuille plus large compromet l\u2019attention, l\u2019expertise et les ressources n\u00e9cessaires pour s\u2019attaquer efficacement aux probl\u00e8mes syst\u00e9miques. En termes simples, cela ne fonctionnera pas. L\u2019\u00e9galit\u00e9 des genres exige un leadership d\u00e9di\u00e9, une responsabilit\u00e9 et une attention soutenue \u2013 rien de tout cela ne peut \u00eatre ad\u00e9quatement r\u00e9alis\u00e9 lorsqu\u2019elle est trait\u00e9e comme une r\u00e9flexion a posteriori au sein d\u2019un minist\u00e8re plus large et sans rapport.<\/p>\n<p>Cette d\u00e9cision, qui d\u00e9mant\u00e8le le m\u00e9canisme national pour les droits des femmes et l\u2019\u00e9galit\u00e9 des genres, a des implications de grande port\u00e9e. Elle intervient dans un contexte plus large de r\u00e9action internationale contre les droits des femmes et l\u2019\u00e9galit\u00e9 des genres, avec des pays qui reviennent sur les protections et les structures de soutien. Nous sommes \u00e9galement tr\u00e8s pr\u00e9occup\u00e9es par le fait que le portefeuille des jeunes f\u00e9ministes soit d\u00e9prioris\u00e9. Cela rel\u00e8gue les jeunes f\u00e9ministes au Canada au second plan dans les prises de d\u00e9cision, leur arrachant une place durement gagn\u00e9e \u00e0 la table au moment le plus critique.<\/p>\n<p>Cette semaine, 189 pays, dont le Canada, examinent 30 ans de progr\u00e8s en mati\u00e8re d\u2019avancement des femmes. La suppression de ce poste au cabinet est une trahison des principes \u00e9nonc\u00e9s dans la D\u00e9claration et le Programme d\u2019action de Beijing, que le Canada a longtemps soutenus. De plus, cela contredit l\u2019esprit de la Politique d\u2019aide internationale f\u00e9ministe du Canada et les efforts en cours pour r\u00e9soudre la crise des femmes autochtones disparues et assassin\u00e9es et des personnes 2ELGBTQIIA+.<\/p>\n<p>La suppression de ce poste au cabinet n\u2019est pas seulement une perte symbolique ; elle a des implications concr\u00e8tes pour des millions de femmes, de personnes de diverses identit\u00e9s de genre et de travailleuses au Canada qui comptent sur le gouvernement pour prot\u00e9ger leurs droits et faire avancer leurs int\u00e9r\u00eats. De plus, l\u2019engagement du Canada envers les droits des femmes, l\u2019\u00e9galit\u00e9 des genres et la pleine participation \u00e0 la soci\u00e9t\u00e9 d\u00e9pend du financement soutenu, de l\u2019\u00e9laboration de politiques et des mesures de responsabilisation de ce minist\u00e8re.<\/p>\n<p>Il est imp\u00e9ratif que le Premier ministre reconsid\u00e8re cette d\u00e9cision et r\u00e9tablisse un ministre d\u00e9di\u00e9 aux Femmes et \u00c9galit\u00e9 des genres et \u00e0 la Jeunesse pour s\u2019assurer que ces questions cruciales restent au premier plan de l\u2019agenda politique du Canada.<\/p>\n<p>Les personnes au Canada n\u2019ont pas \u00e0 choisir entre l\u2019\u00e9conomie et les priorit\u00e9s sociales critiques.<\/p>\n<div class=\"wp-block-spacer\" aria-hidden=\"true\"><\/div>\n<p>Contact pour les m\u00e9dias<\/p>\n<p>Anuradha Dugal \u2013 H\u00e9bergement Femmes Canada 514-994-6804\u00a0<a href=\"mailto:adugal@endvaw.ca\">adugal@endvaw.ca<\/a><\/p>\n<p>Jackie Neapole \u2013 Institut canadien de recherches sur les femmes 613-619-1961\u00a0<a href=\"mailto:jackie@criaw-icref.ca\">jackie@criaw-icref.ca<\/a><\/p>\n<p>Debbie Owusu-Akyeeah \u2013 Action Canada pour la sant\u00e9 et les droits sexuels (613)-519-2788 Ext. 13900\u00a0<a href=\"mailto:debbie@actioncanadashr.org\">debbie@actioncanadashr.org<\/a><\/p>\n<p>Nous, les soussign\u00e9es, exigeons mieux.<\/p>\n<p><a href=\"https:\/\/www.criaw-icref.ca\/fr\/statements\/communique-de-presse-conjoint-sur-la-ministre-de-fegc\/?fbclid=IwY2xjawJGk7ZleHRuA2FlbQIxMAABHUUCU2PRs3iNuns1HMIhgW13nxvqs_9yBLX3o9NEF7rNzu6q_DRoN7AAiw_aem_jmwruRuWn1NHjwVrbQKIyw\" rel=\"noopener\"><span data-teams=\"true\">Lisez le communiqu\u00e9 de presse et consultez la liste compl\u00e8te des soutiens ici<\/span><\/a><\/p>\n","protected":false},"excerpt":{"rendered":"<p>Le gouvernement canadien supprime le poste de ministre des Femmes et \u00c9galit\u00e9 des genres pendant qu\u2019un sommet des Nations Unies sur les droits des femmes se d\u00e9roule. Si\u00e8ge de l\u2019ONU, New York \u2013\u00a0Il est inacceptable que le nouveau Premier ministre canadien ait supprim\u00e9 le poste de ministre des Femmes et \u00c9galit\u00e9 des genres et de [&hellip;]<\/p>\n","protected":false},"featured_media":0,"template":"","meta":{"site-sidebar-layout":"default","site-content-layout":"","ast-site-content-layout":"default","site-content-style":"default","site-sidebar-style":"default","ast-global-header-display":"","ast-banner-title-visibility":"","ast-main-header-display":"","ast-hfb-above-header-display":"","ast-hfb-below-header-display":"","ast-hfb-mobile-header-display":"","site-post-title":"","ast-breadcrumbs-content":"","ast-featured-img":"","footer-sml-layout":"","ast-disable-related-posts":"","theme-transparent-header-meta":"","adv-header-id-meta":"","stick-header-meta":"","header-above-stick-meta":"","header-main-stick-meta":"","header-below-stick-meta":"","astra-migrate-meta-layouts":"default","ast-page-background-enabled":"default","ast-page-background-meta":{"desktop":{"background-color":"","background-image":"","background-repeat":"repeat","background-position":"center center","background-size":"auto","background-attachment":"scroll","background-type":"","background-media":"","overlay-type":"","overlay-color":"","overlay-opacity":"","overlay-gradient":""},"tablet":{"background-color":"","background-image":"","background-repeat":"repeat","background-position":"center center","background-size":"auto","background-attachment":"scroll","background-type":"","background-media":"","overlay-type":"","overlay-color":"","overlay-opacity":"","overlay-gradient":""},"mobile":{"background-color":"","background-image":"","background-repeat":"repeat","background-position":"center center","background-size":"auto","background-attachment":"scroll","background-type":"","background-media":"","overlay-type":"","overlay-color":"","overlay-opacity":"","overlay-gradient":""}},"ast-content-background-meta":{"desktop":{"background-color":"var(--ast-global-color-5)","background-image":"","background-repeat":"repeat","background-position":"center center","background-size":"auto","background-attachment":"scroll","background-type":"","background-media":"","overlay-type":"","overlay-color":"","overlay-opacity":"","overlay-gradient":""},"tablet":{"background-color":"var(--ast-global-color-5)","background-image":"","background-repeat":"repeat","background-position":"center center","background-size":"auto","background-attachment":"scroll","background-type":"","background-media":"","overlay-type":"","overlay-color":"","overlay-opacity":"","overlay-gradient":""},"mobile":{"background-color":"var(--ast-global-color-5)","background-image":"","background-repeat":"repeat","background-position":"center center","background-size":"auto","background-attachment":"scroll","background-type":"","background-media":"","overlay-type":"","overlay-color":"","overlay-opacity":"","overlay-gradient":""}},"_links_to":"","_links_to_target":""},"categories":[],"class_list":["post-12895","news","type-news","status-publish","hentry"],"meta_box":[],"_links":{"self":[{"href":"https:\/\/endvaw.ca\/fr\/wp-json\/wp\/v2\/news\/12895","targetHints":{"allow":["GET"]}}],"collection":[{"href":"https:\/\/endvaw.ca\/fr\/wp-json\/wp\/v2\/news"}],"about":[{"href":"https:\/\/endvaw.ca\/fr\/wp-json\/wp\/v2\/types\/news"}],"wp:attachment":[{"href":"https:\/\/endvaw.ca\/fr\/wp-json\/wp\/v2\/media?parent=12895"}],"wp:term":[{"taxonomy":"categories","embeddable":true,"href":"https:\/\/endvaw.ca\/fr\/wp-json\/wp\/v2\/categories?post=12895"}],"curies":[{"name":"wp","href":"https:\/\/api.w.org\/{rel}","templated":true}]}}