{"id":1213,"date":"2015-11-16T19:10:03","date_gmt":"2015-11-16T19:10:03","guid":{"rendered":"https:\/\/endvaw.technicalities.ca\/?post_type=news&#038;p=1213"},"modified":"2025-12-10T15:38:13","modified_gmt":"2025-12-10T20:38:13","slug":"confirmation-dun-plan-daction-national-une-etape-cruciale-pour-remedier-a-la-violence-faite-aux-femmes","status":"publish","type":"news","link":"https:\/\/endvaw.ca\/fr\/news\/confirmation-dun-plan-daction-national-une-etape-cruciale-pour-remedier-a-la-violence-faite-aux-femmes\/","title":{"rendered":"Confirmation d\u2019un plan d\u2019action national \u2013 une \u00e9tape cruciale pour rem\u00e9dier \u00e0 la violence faite aux femmes"},"content":{"rendered":"<p>Le R\u00e9seau canadien des maisons d\u2019h\u00e9bergement pour femmes (RCMHF) est tr\u00e8s encourag\u00e9 par le fait que la ministre de la condition f\u00e9minine a \u00e9t\u00e9 mandat\u00e9e par le premier ministre pour \u00abTravailler avec des experts et des d\u00e9fenseurs afin d\u2019\u00e9tablir et de mettre en oeuvre une strat\u00e9gie f\u00e9d\u00e9rale compl\u00e8te en mati\u00e8re de violence fond\u00e9e sur le sexe et un plan d\u2019action f\u00e9d\u00e9ral complet, qui sont en harmonie avec les strat\u00e9gies provinciales\u00bb. L\u2019\u00e9laboration et la mise en oeuvre d\u2019un Plan d\u2019action national sur la violence faite aux femmes et aux filles (PAN sur la VFF) est essentiel pour aborder ce probl\u00e8me de mani\u00e8re \u00e0 clairement l\u2019identifier et rem\u00e9dier aux causes profondes de la violence faite aux femmes. Le R\u00e9seau et ses partenaires ont h\u00e2te de collaborer avec la ministre Hadju pour concr\u00e9tiser ce Plan.<\/p>\n<p>Le R\u00e9seau, en collaboration avec une vingtaine de partenaires, a d\u00e9velopp\u00e9 un Mod\u00e8le pour un Plan d\u2019action national au Canada. \u00c9tant donn\u00e9 que le niveau de violence que subissent les femmes et les filles a peu chang\u00e9 au cours des deux derni\u00e8res d\u00e9cennies et que les r\u00e9ponses actuelles ont \u00e9chou\u00e9 \u00e0 abaisser significativement les taux de violence, nous et nos partenaires croyons fermement en la n\u00e9cessit\u00e9 d\u2019un leadership au palier national. C\u2019est la raison qui nous a pouss\u00e9es \u00e0 d\u00e9velopper notre Mod\u00e8le. \u00abNous somme convaincues que toutes les femmes et les filles dans toutes les r\u00e9gions du pays, devraient avoir acc\u00e8s \u00e0 des niveaux comparables de services et de protection\u00bb, d\u00e9clare Lise Martin, directrice g\u00e9n\u00e9rale du R\u00e9seau.<\/p>\n<p>Notre Mod\u00e8le est une feuille de route pour l\u2019\u00e9laboration d\u2019un PAN sur la VFF, con\u00e7u pour servir de point de d\u00e9part \u00e0 ce travail. Il propose un processus d\u2019\u00e9laboration et de mise en oeuvre du Plan du Canada et en souligne les \u00e9l\u00e9ments cl\u00e9s tels des mesures pr\u00e9ventives et des services ad\u00e9quats, y compris des services juridiques, ainsi que des changements en mati\u00e8re de politiques sociales.<\/p>\n<p>\u00c0 ce jour, notre Mod\u00e8le a \u00e9t\u00e9 endoss\u00e9 par 180 organisations de tout le Canada. Il reconnait que les femmes ne sont pas toutes affect\u00e9es de la m\u00eame mani\u00e8re. Les femmes en situation de handicap et les femmes autochtones sont beaucoup plus touch\u00e9es par la violence. Les femmes vivant dans des r\u00e9gions isol\u00e9es ou rurales n\u2019ont souvent aucun recours pour \u00e9chapper \u00e0 la violence. \u00abUne strat\u00e9gie et un plan d\u2019action sexosp\u00e9cifiques efficaces devront adopter une approche exhaustive qui tienne compte des complexit\u00e9s de cet enjeu\u00bb, ajoute Lise Martin. Le R\u00e9seau et ses partenaires sont enthousiastes et pr\u00eats \u00e0 collaborer avec la ministre \u00e0 la cr\u00e9ation d\u2019un Plan d\u2019action national sur la violence faite aux femmes et aux filles.<\/p>\n<p>-30-<\/p>\n<p>Pour les contacts m\u00e9dias:<br \/>\nLise Martin<br \/>\nDirectrice g\u00e9n\u00e9rale<br \/>\n613.680.5119 \/ lmartin@endvaw.ca<\/p>\n<p>AU SUJET DU R\u00c9SEAU CANADIEN DES MAISONS D\u2019H\u00c9BERGEMENT POUR FEMMES<br \/>\nLe R\u00e9seau rassemble 13 regroupements provinciaux et territoriaux de maisons d\u2019h\u00e9bergement. Il pr\u00e9sente une voix unifi\u00e9e en vue de collaborer, \u00e9duquer et innover pour obtenir les changements syst\u00e9miques qui vont mettre fin \u00e0 la violence faite aux femmes, faisant du Canada un mod\u00e8le international en mati\u00e8re de s\u00e9curit\u00e9.<\/p>\n","protected":false},"excerpt":{"rendered":"<p>Le R\u00e9seau canadien des maisons d\u2019h\u00e9bergement pour femmes (RCMHF) est tr\u00e8s encourag\u00e9 par le fait que la ministre de la condition f\u00e9minine a \u00e9t\u00e9 mandat\u00e9e par le premier ministre pour \u00abTravailler avec des experts et des d\u00e9fenseurs afin d\u2019\u00e9tablir et de mettre en oeuvre une strat\u00e9gie f\u00e9d\u00e9rale compl\u00e8te en mati\u00e8re de violence fond\u00e9e sur le [&hellip;]<\/p>\n","protected":false},"featured_media":0,"template":"","meta":{"site-sidebar-layout":"default","site-content-layout":"","ast-site-content-layout":"default","site-content-style":"default","site-sidebar-style":"default","ast-global-header-display":"","ast-banner-title-visibility":"","ast-main-header-display":"","ast-hfb-above-header-display":"","ast-hfb-below-header-display":"","ast-hfb-mobile-header-display":"","site-post-title":"","ast-breadcrumbs-content":"","ast-featured-img":"","footer-sml-layout":"","ast-disable-related-posts":"","theme-transparent-header-meta":"","adv-header-id-meta":"","stick-header-meta":"","header-above-stick-meta":"","header-main-stick-meta":"","header-below-stick-meta":"","astra-migrate-meta-layouts":"default","ast-page-background-enabled":"default","ast-page-background-meta":{"desktop":{"background-color":"","background-image":"","background-repeat":"repeat","background-position":"center center","background-size":"auto","background-attachment":"scroll","background-type":"","background-media":"","overlay-type":"","overlay-color":"","overlay-opacity":"","overlay-gradient":""},"tablet":{"background-color":"","background-image":"","background-repeat":"repeat","background-position":"center center","background-size":"auto","background-attachment":"scroll","background-type":"","background-media":"","overlay-type":"","overlay-color":"","overlay-opacity":"","overlay-gradient":""},"mobile":{"background-color":"","background-image":"","background-repeat":"repeat","background-position":"center center","background-size":"auto","background-attachment":"scroll","background-type":"","background-media":"","overlay-type":"","overlay-color":"","overlay-opacity":"","overlay-gradient":""}},"ast-content-background-meta":{"desktop":{"background-color":"var(--ast-global-color-5)","background-image":"","background-repeat":"repeat","background-position":"center center","background-size":"auto","background-attachment":"scroll","background-type":"","background-media":"","overlay-type":"","overlay-color":"","overlay-opacity":"","overlay-gradient":""},"tablet":{"background-color":"var(--ast-global-color-5)","background-image":"","background-repeat":"repeat","background-position":"center center","background-size":"auto","background-attachment":"scroll","background-type":"","background-media":"","overlay-type":"","overlay-color":"","overlay-opacity":"","overlay-gradient":""},"mobile":{"background-color":"var(--ast-global-color-5)","background-image":"","background-repeat":"repeat","background-position":"center center","background-size":"auto","background-attachment":"scroll","background-type":"","background-media":"","overlay-type":"","overlay-color":"","overlay-opacity":"","overlay-gradient":""}},"_links_to":"","_links_to_target":""},"categories":[],"class_list":["post-1213","news","type-news","status-publish","hentry"],"meta_box":[],"_links":{"self":[{"href":"https:\/\/endvaw.ca\/fr\/wp-json\/wp\/v2\/news\/1213","targetHints":{"allow":["GET"]}}],"collection":[{"href":"https:\/\/endvaw.ca\/fr\/wp-json\/wp\/v2\/news"}],"about":[{"href":"https:\/\/endvaw.ca\/fr\/wp-json\/wp\/v2\/types\/news"}],"wp:attachment":[{"href":"https:\/\/endvaw.ca\/fr\/wp-json\/wp\/v2\/media?parent=1213"}],"wp:term":[{"taxonomy":"categories","embeddable":true,"href":"https:\/\/endvaw.ca\/fr\/wp-json\/wp\/v2\/categories?post=1213"}],"curies":[{"name":"wp","href":"https:\/\/api.w.org\/{rel}","templated":true}]}}