{"id":11995,"date":"2024-02-22T14:09:44","date_gmt":"2024-02-22T19:09:44","guid":{"rendered":"https:\/\/endvaw.technicalities.ca\/?post_type=news&#038;p=11995"},"modified":"2025-12-10T15:38:19","modified_gmt":"2025-12-10T20:38:19","slug":"anti-trans-sont-anti-femmes","status":"publish","type":"news","link":"https:\/\/endvaw.ca\/fr\/news\/anti-trans-sont-anti-femmes\/","title":{"rendered":"Les organisations f\u00e9ministes canadiennes r\u00e9agissent aux commentaires anti-trans: Les anti-trans sont des anti-femmes"},"content":{"rendered":"<p>Le 21 f\u00e9vrier, le chef du Parti conservateur, Pierre Poilievre, a fait part de son soutien \u00e0 l&#8217;id\u00e9e d&#8217;interdire aux femmes transgenres l&#8217;acc\u00e8s aux espaces, services et maisons d\u2019h\u00e9bergement r\u00e9serv\u00e9s aux femmes. Les organisations f\u00e9ministes et de d\u00e9fense des femmes reconnaissent que toute atteinte aux droits des personnes transgenres est une atteinte \u00e0 l&#8217;\u00e9galit\u00e9 des genres et aux droits des femmes.<\/p>\n<p>En 2021, des organisations f\u00e9ministes et de d\u00e9fense des femmes de tout le Canada ont sign\u00e9 une <a href=\"https:\/\/www.wisdom2action.org\/transinclusivefeminism\/\" rel=\"noopener\">d\u00e9claration commune<\/a> affirmant que notre f\u00e9minisme inclut les personnes transgenres. Le consensus est clair dans le f\u00e9minisme canadien: les femmes transgenres sont des femmes, et les f\u00e9ministes rejettent toute attaque contre les droits des personnes transgenres sous pr\u00e9texte de \u00abprot\u00e9ger les femmes\u00bb.<\/p>\n<p>\u00abLes organisations f\u00e9ministes et de services aux femmes de tout le Canada sont fi\u00e8res d&#8217;inclure les femmes transgenres et les personnes d\u2019une diversit\u00e9 de genre, car nous reconnaissons notre lutte commune contre la misogynie syst\u00e9mique et l&#8217;in\u00e9galit\u00e9 entre les sexes\u00bb, a d\u00e9clar\u00e9 Kaitlin Geiger-Bardswich, directrice g\u00e9n\u00e9rale par int\u00e9rim d\u2019H\u00e9bergement femmes Canada. \u00abInterdire aux femmes transgenres l&#8217;acc\u00e8s aux espaces r\u00e9serv\u00e9s aux femmes, en particulier aux maisons d\u2019h\u00e9bergement, ne fera qu&#8217;exacerber les in\u00e9galit\u00e9s pour une communaut\u00e9 d\u00e9j\u00e0 marginalis\u00e9e.\u00bb<\/p>\n<p>\u00abQu&#8217;il s&#8217;agisse de prisons, de salles de bains ou de maisons d\u2019h\u00e9bergement, les personnes transgenres sont majoritairement des victimes de violence, et non des auteurs\u00bb, a d\u00e9clar\u00e9 Emilie Coyle, directrice g\u00e9n\u00e9rale de l&#8217;Association canadienne des soci\u00e9t\u00e9s Elizabeth Fry. \u00abCes attaques contre les droits des transgenres sont une distraction dangereuse et opportuniste de nos efforts communs pour construire un monde o\u00f9 aucune femme n&#8217;est en danger, mal log\u00e9e ou expos\u00e9e \u00e0 la violence.\u00bb<\/p>\n<p>\u00abCes commentaires constituent un affront aux droits et \u00e0 la dignit\u00e9 des personnes transgenres et interviennent \u00e0 un moment o\u00f9 la haine anti-2ELGBTQIA+ monte au Canada\u00bb, a d\u00e9clar\u00e9 Brea Hutchinson, directrice des op\u00e9rations du Fonds d&#8217;action et d&#8217;\u00e9ducation juridiques pour les femmes. \u00abEn tant que f\u00e9ministes, nous reconnaissons que la haine anti-queer est un cheval de Troie contre les droits des femmes, des filles et des personnes d\u2019une diversit\u00e9 de genre. Nous demandons instamment \u00e0 Pierre Poilievre de revenir sur ses d\u00e9clarations et de pr\u00e9senter ses excuses aux femmes et aux personnes transgenres.\u00bb<\/p>\n<p><strong><img loading=\"lazy\" decoding=\"async\" class=\"alignleft wp-image-12001\" src=\"https:\/\/endvaw.ca\/wp-content\/uploads\/2024\/02\/1-150x150.png\" alt=\"\" width=\"100\" height=\"100\" \/>A propos d\u2019HFC<br \/>\n<\/strong><a href=\"http:\/\/www.endvaw.ca\/fr\">H\u00e9bergement femmes Canada (HFC)<\/a> regroupe 16 associations provinciales et territoriales de maisons d\u2019h\u00e9bergement et soutient plus de 600 maisons individuelles \u00e0 travers le pays pour les femmes et les enfants fuyant la violence.<\/p>\n<p>&nbsp;<\/p>\n<p><strong><img loading=\"lazy\" decoding=\"async\" class=\"alignleft wp-image-12003\" src=\"https:\/\/endvaw.ca\/wp-content\/uploads\/2024\/02\/3-150x150.png\" alt=\"\" width=\"100\" height=\"100\" \/>\u00c0 propos de l&#8217;ACSEF<br \/>\n<\/strong><a href=\"https:\/\/caefs.ca\/fr\" target=\"_blank\" rel=\"noopener\">L&#8217;Association canadienne des soci\u00e9t\u00e9s Elizabeth Fry (ACSEF)<\/a> s&#8217;efforce de r\u00e9pondre aux fa\u00e7ons persistantes dont les femmes et les personnes appartenant \u00e0 la diversit\u00e9 de genre touch\u00e9es par la criminalisation sont priv\u00e9es d&#8217;humanit\u00e9 et exclues de la communaut\u00e9.<\/p>\n<p>&nbsp;<\/p>\n<p><strong><img loading=\"lazy\" decoding=\"async\" class=\"alignleft wp-image-12005\" src=\"https:\/\/endvaw.ca\/wp-content\/uploads\/2024\/02\/2-150x150.png\" alt=\"\" width=\"100\" height=\"100\" \/>\u00c0 propos du FAEJ<br \/>\n<\/strong><a href=\"https:\/\/www.leaf.ca\/fr\/\" target=\"_blank\" rel=\"noopener\">Le Fonds d&#8217;action et d&#8217;\u00e9ducation juridiques pour les femmes (FAEJ)<\/a> est un organisme national qui \u0153uvre \u00e0 l&#8217;avancement des droits \u00e0 l&#8217;\u00e9galit\u00e9 des femmes, des filles, des personnes transgenres et non binaires au Canada par le biais de litiges, de r\u00e9formes juridiques et d&#8217;\u00e9ducation juridique du public. Depuis 1985, le FAEJ est intervenu dans plus de 130 affaires qui ont contribu\u00e9 \u00e0 fa\u00e7onner la <em>Charte canadienne des droits et libert\u00e9s<\/em>.<\/p>\n","protected":false},"excerpt":{"rendered":"<p>Le 21 f\u00e9vrier, le chef du Parti conservateur, Pierre Poilievre, a fait part de son soutien \u00e0 l&#8217;id\u00e9e d&#8217;interdire aux femmes transgenres l&#8217;acc\u00e8s aux espaces, services et maisons d\u2019h\u00e9bergement r\u00e9serv\u00e9s aux femmes. Les organisations f\u00e9ministes et de d\u00e9fense des femmes reconnaissent que toute atteinte aux droits des personnes transgenres est une atteinte \u00e0 l&#8217;\u00e9galit\u00e9 des [&hellip;]<\/p>\n","protected":false},"featured_media":0,"template":"","meta":{"site-sidebar-layout":"default","site-content-layout":"","ast-site-content-layout":"default","site-content-style":"default","site-sidebar-style":"default","ast-global-header-display":"","ast-banner-title-visibility":"","ast-main-header-display":"","ast-hfb-above-header-display":"","ast-hfb-below-header-display":"","ast-hfb-mobile-header-display":"","site-post-title":"","ast-breadcrumbs-content":"","ast-featured-img":"","footer-sml-layout":"","ast-disable-related-posts":"","theme-transparent-header-meta":"","adv-header-id-meta":"","stick-header-meta":"","header-above-stick-meta":"","header-main-stick-meta":"","header-below-stick-meta":"","astra-migrate-meta-layouts":"default","ast-page-background-enabled":"default","ast-page-background-meta":{"desktop":{"background-color":"","background-image":"","background-repeat":"repeat","background-position":"center center","background-size":"auto","background-attachment":"scroll","background-type":"","background-media":"","overlay-type":"","overlay-color":"","overlay-opacity":"","overlay-gradient":""},"tablet":{"background-color":"","background-image":"","background-repeat":"repeat","background-position":"center center","background-size":"auto","background-attachment":"scroll","background-type":"","background-media":"","overlay-type":"","overlay-color":"","overlay-opacity":"","overlay-gradient":""},"mobile":{"background-color":"","background-image":"","background-repeat":"repeat","background-position":"center center","background-size":"auto","background-attachment":"scroll","background-type":"","background-media":"","overlay-type":"","overlay-color":"","overlay-opacity":"","overlay-gradient":""}},"ast-content-background-meta":{"desktop":{"background-color":"var(--ast-global-color-5)","background-image":"","background-repeat":"repeat","background-position":"center center","background-size":"auto","background-attachment":"scroll","background-type":"","background-media":"","overlay-type":"","overlay-color":"","overlay-opacity":"","overlay-gradient":""},"tablet":{"background-color":"var(--ast-global-color-5)","background-image":"","background-repeat":"repeat","background-position":"center center","background-size":"auto","background-attachment":"scroll","background-type":"","background-media":"","overlay-type":"","overlay-color":"","overlay-opacity":"","overlay-gradient":""},"mobile":{"background-color":"var(--ast-global-color-5)","background-image":"","background-repeat":"repeat","background-position":"center center","background-size":"auto","background-attachment":"scroll","background-type":"","background-media":"","overlay-type":"","overlay-color":"","overlay-opacity":"","overlay-gradient":""}},"_links_to":"","_links_to_target":""},"categories":[],"class_list":["post-11995","news","type-news","status-publish","hentry"],"meta_box":[],"_links":{"self":[{"href":"https:\/\/endvaw.ca\/fr\/wp-json\/wp\/v2\/news\/11995","targetHints":{"allow":["GET"]}}],"collection":[{"href":"https:\/\/endvaw.ca\/fr\/wp-json\/wp\/v2\/news"}],"about":[{"href":"https:\/\/endvaw.ca\/fr\/wp-json\/wp\/v2\/types\/news"}],"wp:attachment":[{"href":"https:\/\/endvaw.ca\/fr\/wp-json\/wp\/v2\/media?parent=11995"}],"wp:term":[{"taxonomy":"categories","embeddable":true,"href":"https:\/\/endvaw.ca\/fr\/wp-json\/wp\/v2\/categories?post=11995"}],"curies":[{"name":"wp","href":"https:\/\/api.w.org\/{rel}","templated":true}]}}