{"id":11365,"date":"2023-12-05T12:53:39","date_gmt":"2023-12-05T17:53:39","guid":{"rendered":"https:\/\/endvaw.technicalities.ca\/?post_type=news&#038;p=11365"},"modified":"2025-12-10T15:38:19","modified_gmt":"2025-12-10T20:38:19","slug":"depart-a-la-retraite-de-la-dg","status":"publish","type":"news","link":"https:\/\/endvaw.ca\/fr\/news\/depart-a-la-retraite-de-la-dg\/","title":{"rendered":"La directrice g\u00e9n\u00e9rale d&#8217;HFC, Lise Martin, prendra sa retraite au printemps 2024"},"content":{"rendered":"<p>Chers coll\u00e8gues et amies,<img loading=\"lazy\" decoding=\"async\" class=\"alignright size-medium wp-image-11364\" src=\"https:\/\/endvaw.ca\/wp-content\/uploads\/2023\/12\/346622805_1058339501805942_1631971847062231026_n-263x300.jpg\" alt=\"\" width=\"263\" height=\"300\" \/><\/p>\n<p>Je vous \u00e9cris pour vous faire part de ce qui est, pour moi, une \u00c9NORME nouvelle. Je prendrai ma retraite \u00e0 la fin du mois d&#8217;avril 2024. Ce fut un honneur et un privil\u00e8ge de consacrer ma carri\u00e8re au f\u00e9minisme. Ma carri\u00e8re s&#8217;\u00e9tend sur 37 ans, dont 25 pass\u00e9s \u00e0 la t\u00eate d&#8217;organisations f\u00e9ministes pancanadiennes, y compris, bien s\u00fbr, dix ans au sein d\u2019H\u00e9bergement femmes Canada. Comme pour beaucoup d&#8217;entre vous, il s&#8217;agit d&#8217;une vocation.<\/p>\n<p>Voir HFC grandir et se d\u00e9velopper jusqu&#8217;\u00e0 ce qu&#8217;il est devenu a \u00e9t\u00e9 extr\u00eamement gratifiant. J&#8217;ai \u00e9t\u00e9 embauch\u00e9e en tant que directrice g\u00e9n\u00e9rale fondatrice en mars 2013. En ao\u00fbt 2013, l&#8217;organisation disposait de 11 000 dollars. Pendant la premi\u00e8re ann\u00e9e et demie, j&#8217;\u00e9tais pratiquement seule, mais d\u00e9termin\u00e9e \u00e0 maintenir vivant le r\u00eave des associations provinciales des maisons d\u2019h\u00e9bergement de cr\u00e9er cette organisation pancanadienne qui les rassemblerait, qui rassemblerait les MH \u00e0 travers le pays, et qui porterait les priorit\u00e9s du secteur \u00e0 l&#8217;attention du gouvernement f\u00e9d\u00e9ral et des partenaires nationaux.<\/p>\n<p>Autant de jalons pos\u00e9s au cours des dix premi\u00e8res ann\u00e9es !<\/p>\n<ul>\n<li>La publication du premier num\u00e9ro <a href=\"https:\/\/endvaw.ca\/fr\/les-maisons-sexpriment-2023\/\">Les maisons s\u2019expriment<\/a> en 2014. Nous en sommes maintenant \u00e0 notre 9\u00e8me \u00e9dition !<\/li>\n<li>Le d\u00e9but d&#8217;une d\u00e9cennie de plaidoyer pour un Plan d&#8217;action national (PAN) sur la VBG avec le lancement du <a href=\"https:\/\/endvaw.ca\/wp-content\/uploads\/2019\/02\/Modele-de-Plan-daction-national-du-Canada-sur-la-VFF.pdf\">Mod\u00e8le de PAN<\/a> pour le Canada en f\u00e9vrier 2015.<\/li>\n<li>La cr\u00e9ation et le lancement <a href=\"https:\/\/hebergementfemmes.ca\/obtenir-de-laide\/\" rel=\"noopener\">d\u2019H\u00e9bergementfemmes.ca<\/a> en juin 2015.<\/li>\n<li>Notre premi\u00e8re subvention importante du gouvernement f\u00e9d\u00e9ral en 2016, qui nous a permis de produire Plus qu\u2019un lit, un travail de recherche fondamental pour le HFC.<\/li>\n<li>La <a href=\"https:\/\/endvaw.ca\/fr\/conference-pancandienne-2018\/\">premi\u00e8re conf\u00e9rence nationale<\/a> sp\u00e9cifiquement destin\u00e9e aux travailleuses des MH en juin 2018. Une autre est \u00e0 venir&#8230; une pand\u00e9mie s&#8217;en est m\u00eal\u00e9e !<\/li>\n<li>Pivot (c&#8217;est le moins que l&#8217;on puisse dire) en mars 2020 pour commencer \u00e0 transf\u00e9rer les fonds f\u00e9d\u00e9raux d&#8217;urgence COVID aux MH hors Qu\u00e9bec. Les premiers transferts ont \u00e9t\u00e9 effectu\u00e9s le 4 avril 2020, trois semaines \u00e0 peine apr\u00e8s le verrouillage du pays. Au total, plus de 120 millions de dollars ont \u00e9t\u00e9 transf\u00e9r\u00e9s aux MH via HFC.<\/li>\n<li>Un plaidoyer solide et continu sur le <a href=\"https:\/\/endvaw.ca\/fr\/archives\/news\/premiere-annee-pan\/\">Plan d&#8217;action national<\/a> et sur la Strat\u00e9gie nationale du logement et l&#8217;impact de la crise du logement sur les MH et les femmes fuyant la violence.<\/li>\n<\/ul>\n<p>Je saisis cette occasion pour vous remercier du travail que vous accomplissez pour assurer la s\u00e9curit\u00e9 des femmes et des enfants, ainsi que de votre d\u00e9vouement et de votre engagement \u00e0 travailler \u00e0 notre objectif \u00e0 long terme de mettre fin \u00e0 la violence fond\u00e9e sur le genre. Enfin, je vous remercie du fond du c\u0153ur, d\u2019avoir partag\u00e9 avec moi ce dernier chapitre de ma carri\u00e8re.<\/p>\n<p>En toute solidarit\u00e9,<\/p>\n<p>Lise Martin<\/p>\n","protected":false},"excerpt":{"rendered":"<p>Chers coll\u00e8gues et amies, Je vous \u00e9cris pour vous faire part de ce qui est, pour moi, une \u00c9NORME nouvelle. Je prendrai ma retraite \u00e0 la fin du mois d&#8217;avril 2024. Ce fut un honneur et un privil\u00e8ge de consacrer ma carri\u00e8re au f\u00e9minisme. Ma carri\u00e8re s&#8217;\u00e9tend sur 37 ans, dont 25 pass\u00e9s \u00e0 la [&hellip;]<\/p>\n","protected":false},"featured_media":0,"template":"","meta":{"site-sidebar-layout":"default","site-content-layout":"","ast-site-content-layout":"default","site-content-style":"default","site-sidebar-style":"default","ast-global-header-display":"","ast-banner-title-visibility":"","ast-main-header-display":"","ast-hfb-above-header-display":"","ast-hfb-below-header-display":"","ast-hfb-mobile-header-display":"","site-post-title":"","ast-breadcrumbs-content":"","ast-featured-img":"","footer-sml-layout":"","ast-disable-related-posts":"","theme-transparent-header-meta":"","adv-header-id-meta":"","stick-header-meta":"","header-above-stick-meta":"","header-main-stick-meta":"","header-below-stick-meta":"","astra-migrate-meta-layouts":"default","ast-page-background-enabled":"default","ast-page-background-meta":{"desktop":{"background-color":"","background-image":"","background-repeat":"repeat","background-position":"center center","background-size":"auto","background-attachment":"scroll","background-type":"","background-media":"","overlay-type":"","overlay-color":"","overlay-opacity":"","overlay-gradient":""},"tablet":{"background-color":"","background-image":"","background-repeat":"repeat","background-position":"center center","background-size":"auto","background-attachment":"scroll","background-type":"","background-media":"","overlay-type":"","overlay-color":"","overlay-opacity":"","overlay-gradient":""},"mobile":{"background-color":"","background-image":"","background-repeat":"repeat","background-position":"center center","background-size":"auto","background-attachment":"scroll","background-type":"","background-media":"","overlay-type":"","overlay-color":"","overlay-opacity":"","overlay-gradient":""}},"ast-content-background-meta":{"desktop":{"background-color":"var(--ast-global-color-5)","background-image":"","background-repeat":"repeat","background-position":"center center","background-size":"auto","background-attachment":"scroll","background-type":"","background-media":"","overlay-type":"","overlay-color":"","overlay-opacity":"","overlay-gradient":""},"tablet":{"background-color":"var(--ast-global-color-5)","background-image":"","background-repeat":"repeat","background-position":"center center","background-size":"auto","background-attachment":"scroll","background-type":"","background-media":"","overlay-type":"","overlay-color":"","overlay-opacity":"","overlay-gradient":""},"mobile":{"background-color":"var(--ast-global-color-5)","background-image":"","background-repeat":"repeat","background-position":"center center","background-size":"auto","background-attachment":"scroll","background-type":"","background-media":"","overlay-type":"","overlay-color":"","overlay-opacity":"","overlay-gradient":""}},"_links_to":"","_links_to_target":""},"categories":[],"class_list":["post-11365","news","type-news","status-publish","hentry"],"meta_box":[],"_links":{"self":[{"href":"https:\/\/endvaw.ca\/fr\/wp-json\/wp\/v2\/news\/11365","targetHints":{"allow":["GET"]}}],"collection":[{"href":"https:\/\/endvaw.ca\/fr\/wp-json\/wp\/v2\/news"}],"about":[{"href":"https:\/\/endvaw.ca\/fr\/wp-json\/wp\/v2\/types\/news"}],"wp:attachment":[{"href":"https:\/\/endvaw.ca\/fr\/wp-json\/wp\/v2\/media?parent=11365"}],"wp:term":[{"taxonomy":"categories","embeddable":true,"href":"https:\/\/endvaw.ca\/fr\/wp-json\/wp\/v2\/categories?post=11365"}],"curies":[{"name":"wp","href":"https:\/\/api.w.org\/{rel}","templated":true}]}}